{"id":100007,"date":"2023-05-16T16:13:14","date_gmt":"2023-05-16T21:13:14","guid":{"rendered":"https:\/\/www.noticiasperfil.com\/index\/?p=100007"},"modified":"2023-05-16T16:13:14","modified_gmt":"2023-05-16T21:13:14","slug":"este-mes-arranca-la-revista-vehicular-unidades-con-documentacion-incompleta-o-esten-en-malas-condiciones-seran-retiradas","status":"publish","type":"post","link":"https:\/\/www.noticiasperfil.com\/index\/2023\/05\/16\/este-mes-arranca-la-revista-vehicular-unidades-con-documentacion-incompleta-o-esten-en-malas-condiciones-seran-retiradas\/","title":{"rendered":"Este mes arranca la revista vehicular; unidades con documentaci\u00f3n incompleta o est\u00e9n en malas condiciones ser\u00e1n retiradas"},"content":{"rendered":"<p><img loading=\"lazy\" decoding=\"async\" class=\"aligncenter wp-image-100008 size-full\" src=\"https:\/\/i1.wp.com\/www.noticiasperfil.com\/index\/wp-content\/uploads\/2023\/05\/angel-alarcon-palmeros.jpg?resize=640%2C480&#038;ssl=1\" alt=\"\" width=\"640\" height=\"480\" data-recalc-dims=\"1\" \/><\/p>\n<p>Xalapa, Ver.- El director General de Transporte del Estado, \u00c1ngel Alarc\u00f3n Palmeros, inform\u00f3 que este mes inicia la revista vehicular general del transporte p\u00fablico.<\/p>\n<p>Advirti\u00f3 que las unidades que no tengan su documentaci\u00f3n completa o est\u00e9n en malas condiciones ser\u00e1n retiradas de circulaci\u00f3n.<\/p>\n<p>\u201cArrancamos este mes en todas las delegaciones, yo invito a todos los concesionarios a que acudan, no es una situaci\u00f3n recaudatoria o represora; solo es regularizar y ayudarlos a poner en orden sus unidades\u201d.<\/p>\n<p>Alarc\u00f3n Palmeros, dej\u00f3 en claro que qui\u00e9n no realice la revista vehicular se har\u00e1 acreedor a una sanci\u00f3n econ\u00f3mica, sin que ello implique la revocaci\u00f3n de la concesi\u00f3n para brindar el servicio de transporte p\u00fablico.<\/p>\n<p>\u201cEstamos pr\u00f3ximos a llevar la revista anual para poner en orden en todo esto. Muchos concesionarios piensan que es por el tema represor, pero de ninguna manera, aqu\u00ed \u00fanicamente hay que tener en cuenta que estamos actualizando nuestra base de datos y tenemos que cruzar lo documental con lo f\u00edsico\u201d.<\/p>\n<p>Se trata de un reordenamiento de las unidades y comprobar que la documentaci\u00f3n este al 100 por ciento, para tener un padr\u00f3n real del transporte p\u00fablico.<\/p>\n<p>Inform\u00f3 que en los \u00faltimos meses han realizado operativos junto con la Secretar\u00eda de Medio Ambiente.<\/p>\n<p>Precis\u00f3 que se han aplicado m\u00e1s de 200 multas principalmente a autobuses que emiten humo en exceso o que no cumplieron con la verificaci\u00f3n vehicular.<\/p>\n","protected":false},"excerpt":{"rendered":"<p>Xalapa, Ver.- El director General de Transporte del Estado, \u00c1ngel Alarc\u00f3n Palmeros, inform\u00f3 que este mes inicia la revista vehicular general del transporte p\u00fablico. Advirti\u00f3 que las unidades que no tengan su documentaci\u00f3n completa o est\u00e9n en malas condiciones ser\u00e1n retiradas de circulaci\u00f3n. \u201cArrancamos este mes en todas las delegaciones, yo invito a todos los concesionarios a que acudan, no es una situaci\u00f3n recaudatoria o represora; solo es regularizar y ayudarlos a poner en orden sus unidades\u201d. Alarc\u00f3n Palmeros, dej\u00f3 en claro que qui\u00e9n no realice la revista vehicular se&hellip;<\/p>\n","protected":false},"author":1,"featured_media":0,"comment_status":"open","ping_status":"closed","sticky":false,"template":"","format":"standard","meta":{"footnotes":""},"categories":[4],"tags":[],"class_list":["post-100007","post","type-post","status-publish","format-standard","hentry","category-estatal"],"jetpack-related-posts":[],"_links":{"self":[{"href":"https:\/\/www.noticiasperfil.com\/index\/wp-json\/wp\/v2\/posts\/100007","targetHints":{"allow":["GET"]}}],"collection":[{"href":"https:\/\/www.noticiasperfil.com\/index\/wp-json\/wp\/v2\/posts"}],"about":[{"href":"https:\/\/www.noticiasperfil.com\/index\/wp-json\/wp\/v2\/types\/post"}],"author":[{"embeddable":true,"href":"https:\/\/www.noticiasperfil.com\/index\/wp-json\/wp\/v2\/users\/1"}],"replies":[{"embeddable":true,"href":"https:\/\/www.noticiasperfil.com\/index\/wp-json\/wp\/v2\/comments?post=100007"}],"version-history":[{"count":1,"href":"https:\/\/www.noticiasperfil.com\/index\/wp-json\/wp\/v2\/posts\/100007\/revisions"}],"predecessor-version":[{"id":100009,"href":"https:\/\/www.noticiasperfil.com\/index\/wp-json\/wp\/v2\/posts\/100007\/revisions\/100009"}],"wp:attachment":[{"href":"https:\/\/www.noticiasperfil.com\/index\/wp-json\/wp\/v2\/media?parent=100007"}],"wp:term":[{"taxonomy":"category","embeddable":true,"href":"https:\/\/www.noticiasperfil.com\/index\/wp-json\/wp\/v2\/categories?post=100007"},{"taxonomy":"post_tag","embeddable":true,"href":"https:\/\/www.noticiasperfil.com\/index\/wp-json\/wp\/v2\/tags?post=100007"}],"curies":[{"name":"wp","href":"https:\/\/api.w.org\/{rel}","templated":true}]}}