{"id":100010,"date":"2023-05-16T18:43:21","date_gmt":"2023-05-16T23:43:21","guid":{"rendered":"https:\/\/www.noticiasperfil.com\/index\/?p=100010"},"modified":"2023-05-16T18:43:21","modified_gmt":"2023-05-16T23:43:21","slug":"frenar-la-corrupcion-del-poder-judicial-y-scjn-es-una-exigencia-en-veracruz-afirma-juan-javier-gomez-cazarin","status":"publish","type":"post","link":"https:\/\/www.noticiasperfil.com\/index\/2023\/05\/16\/frenar-la-corrupcion-del-poder-judicial-y-scjn-es-una-exigencia-en-veracruz-afirma-juan-javier-gomez-cazarin\/","title":{"rendered":"Frenar la corrupci\u00f3n del Poder Judicial y SCJN es una exigencia en Veracruz, afirma Juan Javier G\u00f3mez Cazar\u00edn"},"content":{"rendered":"<p><img loading=\"lazy\" decoding=\"async\" class=\"aligncenter wp-image-100012 size-full\" src=\"https:\/\/i0.wp.com\/www.noticiasperfil.com\/index\/wp-content\/uploads\/2023\/05\/cazarin-fge-02.jpg?resize=640%2C480&#038;ssl=1\" alt=\"\" width=\"640\" height=\"480\" data-recalc-dims=\"1\" \/><\/p>\n<ul>\n<li><em><strong>Mayor\u00eda del Congreso local respalda denuncia del gobernador Cuitl\u00e1huac Garc\u00eda Jim\u00e9nez para que la FGR investigue a juzgadores con dudosos fallos a favor de quienes transgreden la ley y la paz social, dijo.<\/strong><\/em><\/li>\n<\/ul>\n<p>Ciudad de M\u00e9xico, 16 de mayo de 2023.- \u201cVeracruz no dar\u00e1 un paso atr\u00e1s en la demanda y lucha por frenar la corrupci\u00f3n que permea en el Poder Judicial Federal y en la propia Suprema Corte de Justicia de la Naci\u00f3n (SCJN), porque es una exigencia ciudadana que estas instituciones del Estado mexicano se devuelvan y se pongan al servicio de la gente, no de las mafias delictivas ni de los grupos econ\u00f3micos o pol\u00edticos, como ahora ocurre\u201d, afirm\u00f3 el diputado Juan Javier G\u00f3mez Cazar\u00edn, presidente de la Junta de Coordinaci\u00f3n Pol\u00edtica (JUCOPO), del Congreso local.<\/p>\n<p>Junto con las legisladoras, legisladores y el diputade de Morena en el Congreso de Veracruz, acompa\u00f1\u00f3 al gobernador Cuitl\u00e1huac Garc\u00eda Jim\u00e9nez a la Fiscal\u00eda General de la Rep\u00fablica (FGR) para demandar una investigaci\u00f3n a fondo en contra de juzgadores del Poder Judicial Federal que han fallado en contra de los intereses del pueblo.<\/p>\n<p>Desde el relevo de la Presidencia de la SCJN -dijo- se ha visto un cambio radical en la forma de procurar la justicia al pueblo, d\u00e1ndose en reiteradas ocasiones fallos controversiales en beneficio de quienes son se\u00f1alados por conductas criminales o por transgredir la normatividad en proyectos impulsados por grupos econ\u00f3micos y pol\u00edticos, como sucede en el caso concreto de la Torre Centro del puerto de Veracruz.<\/p>\n<p>G\u00f3mez Cazar\u00edn resalt\u00f3 este hecho sin precedente en la vida pol\u00edtica del estado, por encabezar esta cruzada jur\u00eddica en contra de quienes tienen la responsabilidad de procurar la justicia, pero que con su actuar demuestran que la ley a\u00fan se pone al servicio de quien la pague, del mejor postor.<\/p>\n<p><img loading=\"lazy\" decoding=\"async\" class=\"aligncenter wp-image-100011 size-full\" src=\"https:\/\/i2.wp.com\/www.noticiasperfil.com\/index\/wp-content\/uploads\/2023\/05\/cazarin-fge-01.jpg?resize=640%2C507&#038;ssl=1\" alt=\"\" width=\"640\" height=\"507\" data-recalc-dims=\"1\" \/><\/p>\n<p>Veracruz, dijo, no dar\u00e1 un paso atr\u00e1s para consumar la transformaci\u00f3n de M\u00e9xico y para rescatar a las instituciones del Estado mexicano, donde a\u00fan existen reductos del neoliberalismo corrupto, como acontece en el Poder Judicial Federal y en la propia SCJN, cuyas resoluciones \u201ccontroversiales\u201d se han intensificado desde la salida de Arturo Zald\u00edvar como Ministro Presidente y, coincidentemente, con la llegada de la ministra Norma Pi\u00f1a.<\/p>\n<p>A lo largo de la historia, afirm\u00f3 G\u00f3mez Cazar\u00edn, Veracruz se ha distinguido por ser un estado liberal, defensor de la independencia y soberan\u00eda nacional; \u201cen esta ocasi\u00f3n, con el gobernador Cuitl\u00e1huac Garc\u00eda Jim\u00e9nez, y con el respaldo de quienes conformamos la mayor\u00eda absoluta del Poder Legislativo, se lograr\u00e1 que el Poder Judicial Federal y la SCJN vuelvan a ser instituciones al servicio del pueblo, garantes de la ley, los derechos civiles y de la propia Constituci\u00f3n\u00bb.<\/p>\n<p>En la presentaci\u00f3n de la denuncia ante la FGR participaron las legisladoras Mago Corro, presidenta de la Mesa Directiva del Congreso local; Magaly Armenta Oliveros, Elizabeth Cervantes, Itzel Lopez, Gisela L\u00f3pez L\u00f3pez, Rosalinda Galindo Silva, Illya Escobar, Eusebia Cort\u00e9s CHEVA , Adriana Esther Mart\u00ednez S\u00e1nchez, Perla Romero, Ana Miriam Ferr\u00e1ez y Lul\u00fa Ju\u00e1rez; as\u00ed como los diputados Rafa Fararoni, Sergio Guzm\u00e1n Ric\u00e1rdez, Luis Arturo Santiago Mart\u00ednez, Paul Mart\u00ednez Marie y Diputado Marco Mart\u00ednez Amador, as\u00ed como el Diputade Chincoya y el secretario general del Congreso, Domingo Bahena Corbal\u00e1.<\/p>\n<p>Tambi\u00e9n respaldaron esta acci\u00f3n el senador Ernesto P\u00e9rez Astorga, el secretario de Medio Ambiente, Juan Carlos Contreras; la secretaria de Protecci\u00f3n Civil, Guadalupe Osorno; el titular de la Procuradur\u00eda del Medio Ambiente, Sergio Rodr\u00edguez, y el secretario de Gobierno, Eric Cisneros.<\/p>\n","protected":false},"excerpt":{"rendered":"<p>Mayor\u00eda del Congreso local respalda denuncia del gobernador Cuitl\u00e1huac Garc\u00eda Jim\u00e9nez para que la FGR investigue a juzgadores con dudosos fallos a favor de quienes transgreden la ley y la paz social, dijo. Ciudad de M\u00e9xico, 16 de mayo de 2023.- \u201cVeracruz no dar\u00e1 un paso atr\u00e1s en la demanda y lucha por frenar la corrupci\u00f3n que permea en el Poder Judicial Federal y en la propia Suprema Corte de Justicia de la Naci\u00f3n (SCJN), porque es una exigencia ciudadana que estas instituciones del Estado mexicano se devuelvan y se&hellip;<\/p>\n","protected":false},"author":1,"featured_media":0,"comment_status":"open","ping_status":"closed","sticky":false,"template":"","format":"standard","meta":{"footnotes":""},"categories":[3,4],"tags":[4842],"class_list":["post-100010","post","type-post","status-publish","format-standard","hentry","category-destacadas","category-estatal","tag-juan-javier-gomez-cazarin"],"jetpack-related-posts":[],"_links":{"self":[{"href":"https:\/\/www.noticiasperfil.com\/index\/wp-json\/wp\/v2\/posts\/100010","targetHints":{"allow":["GET"]}}],"collection":[{"href":"https:\/\/www.noticiasperfil.com\/index\/wp-json\/wp\/v2\/posts"}],"about":[{"href":"https:\/\/www.noticiasperfil.com\/index\/wp-json\/wp\/v2\/types\/post"}],"author":[{"embeddable":true,"href":"https:\/\/www.noticiasperfil.com\/index\/wp-json\/wp\/v2\/users\/1"}],"replies":[{"embeddable":true,"href":"https:\/\/www.noticiasperfil.com\/index\/wp-json\/wp\/v2\/comments?post=100010"}],"version-history":[{"count":2,"href":"https:\/\/www.noticiasperfil.com\/index\/wp-json\/wp\/v2\/posts\/100010\/revisions"}],"predecessor-version":[{"id":100014,"href":"https:\/\/www.noticiasperfil.com\/index\/wp-json\/wp\/v2\/posts\/100010\/revisions\/100014"}],"wp:attachment":[{"href":"https:\/\/www.noticiasperfil.com\/index\/wp-json\/wp\/v2\/media?parent=100010"}],"wp:term":[{"taxonomy":"category","embeddable":true,"href":"https:\/\/www.noticiasperfil.com\/index\/wp-json\/wp\/v2\/categories?post=100010"},{"taxonomy":"post_tag","embeddable":true,"href":"https:\/\/www.noticiasperfil.com\/index\/wp-json\/wp\/v2\/tags?post=100010"}],"curies":[{"name":"wp","href":"https:\/\/api.w.org\/{rel}","templated":true}]}}