{"id":100015,"date":"2023-05-17T11:21:26","date_gmt":"2023-05-17T16:21:26","guid":{"rendered":"https:\/\/www.noticiasperfil.com\/index\/?p=100015"},"modified":"2023-05-17T11:21:26","modified_gmt":"2023-05-17T16:21:26","slug":"corte-valido-creacion-del-trijaev-porque-se-actuo-con-apego-a-la-ley-juan-javier-gomez-cazarin","status":"publish","type":"post","link":"https:\/\/www.noticiasperfil.com\/index\/2023\/05\/17\/corte-valido-creacion-del-trijaev-porque-se-actuo-con-apego-a-la-ley-juan-javier-gomez-cazarin\/","title":{"rendered":"Corte valid\u00f3 creaci\u00f3n del TRIJAEV, porque se actu\u00f3 con apego a la ley: Juan Javier G\u00f3mez Cazar\u00edn"},"content":{"rendered":"<p><img loading=\"lazy\" decoding=\"async\" class=\"aligncenter wp-image-100016 size-full\" src=\"https:\/\/i1.wp.com\/www.noticiasperfil.com\/index\/wp-content\/uploads\/2023\/05\/javier-gomez-cazarin.jpg?resize=640%2C425&#038;ssl=1\" alt=\"\" width=\"640\" height=\"425\" data-recalc-dims=\"1\" \/><\/p>\n<ul>\n<li><em><strong>El Congreso de Veracruz materializ\u00f3 la demanda del pueblo de contar con un tribunal que sancione a los malos servidores p\u00fablicos, se\u00f1al\u00f3.<\/strong><\/em><\/li>\n<\/ul>\n<p>Xalapa, Ver.- \u201cLa Suprema Corte de Justicia de la Naci\u00f3n valid\u00f3 la creaci\u00f3n, designaci\u00f3n de magistradas y magistrados, integraci\u00f3n e instalaci\u00f3n del Pleno del Tribunal de Justicia Administrativa del Estado de Veracruz (TRIJAEV), ratificando con ello que, en todo momento, en el Congreso local actuamos con estricto apego a la ley\u201d, asever\u00f3 el diputado Juan Javier G\u00f3mez Cazar\u00edn, presidente de la Junta de Coordinaci\u00f3n Pol\u00edtica (JUCOPO).<\/p>\n<p>Afirm\u00f3 que con este resolutivo de la Corte se da por finiquitado cualquier recurso legal en contra de la creaci\u00f3n del TRIJAEV, \u00f3rgano que ya viene trabajando y atendiendo las demandas de la ciudadan\u00eda, de acabar con la corrupci\u00f3n y sancionar el mal proceder de los servidores p\u00fablicos.<\/p>\n<p>En Veracruz, dijo, hicimos o\u00eddos a ese reclamo de la sociedad, ante la inoperancia, indiferencia e incapacidad de quienes integraron el extinto Tribunal Estatal de Justicia Administrativa de Veracruz (TEJAV), \u00f3rgano que s\u00f3lo sirvi\u00f3 como agencia de colocaciones para cercanos de los magistrados, dejando sin resolver miles de asuntos.<\/p>\n<p>Los tiempos de la transformaci\u00f3n -prosigui\u00f3 G\u00f3mez Cazar\u00edn- obliga a tener instituciones eficientes, austeras, que velen y tutelen los derechos de las y los veracruzanos; no deben ser reductos de impunidad o protecci\u00f3n a grupos econ\u00f3micos o pol\u00edticos, porque la justicia ya no se vende, se aplica sin miramientos.<\/p>\n<p>\u201cDesde el inicio del proceso interpuesto por el ex presidente del TEJAV confiamos en que el proceso legislativo se realiz\u00f3 apegado a la legalidad; no ten\u00edamos dudas, y la ministra Yasm\u00edn Esquivel nos dio la raz\u00f3n\u201d, destac\u00f3 G\u00f3mez Cazar\u00edn.<\/p>\n<p>Correspondi\u00f3 a la ministra Yasm\u00edn Esquivel resolver el incidente de suspensi\u00f3n de la Controversia Constitucional 266\/2022, quien valid\u00f3 el proceso legislativo del Congreso local, respecto a la extinci\u00f3n del TEJAV y la creaci\u00f3n del nuevo Tribunal, as\u00ed como lo relacionado a la designaci\u00f3n de magistraturas y la conformaci\u00f3n del Pleno del TRIJAEV.<\/p>\n","protected":false},"excerpt":{"rendered":"<p>El Congreso de Veracruz materializ\u00f3 la demanda del pueblo de contar con un tribunal que sancione a los malos servidores p\u00fablicos, se\u00f1al\u00f3. Xalapa, Ver.- \u201cLa Suprema Corte de Justicia de la Naci\u00f3n valid\u00f3 la creaci\u00f3n, designaci\u00f3n de magistradas y magistrados, integraci\u00f3n e instalaci\u00f3n del Pleno del Tribunal de Justicia Administrativa del Estado de Veracruz (TRIJAEV), ratificando con ello que, en todo momento, en el Congreso local actuamos con estricto apego a la ley\u201d, asever\u00f3 el diputado Juan Javier G\u00f3mez Cazar\u00edn, presidente de la Junta de Coordinaci\u00f3n Pol\u00edtica (JUCOPO). Afirm\u00f3 que&hellip;<\/p>\n","protected":false},"author":1,"featured_media":0,"comment_status":"open","ping_status":"closed","sticky":false,"template":"","format":"standard","meta":{"footnotes":""},"categories":[3,4],"tags":[4842],"class_list":["post-100015","post","type-post","status-publish","format-standard","hentry","category-destacadas","category-estatal","tag-juan-javier-gomez-cazarin"],"jetpack-related-posts":[],"_links":{"self":[{"href":"https:\/\/www.noticiasperfil.com\/index\/wp-json\/wp\/v2\/posts\/100015","targetHints":{"allow":["GET"]}}],"collection":[{"href":"https:\/\/www.noticiasperfil.com\/index\/wp-json\/wp\/v2\/posts"}],"about":[{"href":"https:\/\/www.noticiasperfil.com\/index\/wp-json\/wp\/v2\/types\/post"}],"author":[{"embeddable":true,"href":"https:\/\/www.noticiasperfil.com\/index\/wp-json\/wp\/v2\/users\/1"}],"replies":[{"embeddable":true,"href":"https:\/\/www.noticiasperfil.com\/index\/wp-json\/wp\/v2\/comments?post=100015"}],"version-history":[{"count":1,"href":"https:\/\/www.noticiasperfil.com\/index\/wp-json\/wp\/v2\/posts\/100015\/revisions"}],"predecessor-version":[{"id":100017,"href":"https:\/\/www.noticiasperfil.com\/index\/wp-json\/wp\/v2\/posts\/100015\/revisions\/100017"}],"wp:attachment":[{"href":"https:\/\/www.noticiasperfil.com\/index\/wp-json\/wp\/v2\/media?parent=100015"}],"wp:term":[{"taxonomy":"category","embeddable":true,"href":"https:\/\/www.noticiasperfil.com\/index\/wp-json\/wp\/v2\/categories?post=100015"},{"taxonomy":"post_tag","embeddable":true,"href":"https:\/\/www.noticiasperfil.com\/index\/wp-json\/wp\/v2\/tags?post=100015"}],"curies":[{"name":"wp","href":"https:\/\/api.w.org\/{rel}","templated":true}]}}