{"id":100726,"date":"2023-06-15T15:19:13","date_gmt":"2023-06-15T20:19:13","guid":{"rendered":"https:\/\/www.noticiasperfil.com\/index\/?p=100726"},"modified":"2023-06-15T15:19:13","modified_gmt":"2023-06-15T20:19:13","slug":"este-fin-de-semana-saborea-catemaco-rafa-fararoni","status":"publish","type":"post","link":"https:\/\/www.noticiasperfil.com\/index\/2023\/06\/15\/este-fin-de-semana-saborea-catemaco-rafa-fararoni\/","title":{"rendered":"Este fin de semana saborea Catemaco: Rafa Fararoni"},"content":{"rendered":"<p><img loading=\"lazy\" decoding=\"async\" class=\"aligncenter size-medium wp-image-100727\" src=\"https:\/\/i0.wp.com\/www.noticiasperfil.com\/index\/wp-content\/uploads\/2023\/06\/fararoni-01-660x365.jpg?resize=640%2C354&#038;ssl=1\" alt=\"\" width=\"640\" height=\"354\" data-recalc-dims=\"1\" \/><\/p>\n<ul>\n<li><strong><em>\u201dV\u00e1monos todos a Los Tuxtlas para disfrutar del Festival Gastron\u00f3mico\u201d, exhort\u00f3.<\/em> <\/strong><\/li>\n<\/ul>\n<p>Xalapa, ver., 15 de junio 2023.- Este s\u00e1bado 17, se llevar\u00e1 a cabo el festival gastron\u00f3mico \u201cSaboreando Catemaco\u201d en Los Tuxtlas, inform\u00f3 el diputado Rafa Fararoni Maga\u00f1a e invit\u00f3 a conocer estas fiestas caracter\u00edsticas de la regi\u00f3n.<\/p>\n<p>En entrevista, el legislador local, extern\u00f3 la invitaci\u00f3n a todos y todas las personas que no tengan \u201carmado su plan\u201d de fin de semana para que visiten Catemaco y disfruten cada una de las ofertas gastron\u00f3micas de la zona.<br \/>\n\u201cEs una muy buena gesti\u00f3n de parte del alcalde y su equipo de turismo que junta a los restauranteros locales, no solo de la regi\u00f3n, en un punto donde podr\u00e1n exponer a los turistas, todos sus platillos y gastronom\u00eda que representa a la regi\u00f3n\u201d expres\u00f3.<\/p>\n<p><img loading=\"lazy\" decoding=\"async\" class=\"aligncenter size-medium wp-image-100728\" src=\"https:\/\/i0.wp.com\/www.noticiasperfil.com\/index\/wp-content\/uploads\/2023\/06\/fararoni-02-660x365.jpg?resize=640%2C354&#038;ssl=1\" alt=\"\" width=\"640\" height=\"354\" data-recalc-dims=\"1\" \/><\/p>\n<p>Entre la comida m\u00e1s representativa que los visitantes podr\u00e1n encontrar en el paseo del malec\u00f3n est\u00e1n los tegogolos, carne ahumada, chochogos, empanadas, quesadillas, mojarras en sus diferentes especialidades adem\u00e1s de la muestra del \u201cMega Topote\u201d, del cual podr\u00e1n disfrutar todos.<\/p>\n<p>\u201cInvitamos a toda la gente que est\u00e9 por la zona o que no tenga plan para el fin de semana, a que nos acompa\u00f1en, que visiten Catemaco y se siga enamorando de nuestra regi\u00f3n. Habr\u00e1 todo un programa el s\u00e1bado para toda las familias\u201d, indic\u00f3 y destac\u00f3 que visitar Los Tuxtlas es signo de magia, cultura, tradici\u00f3n y belleza natural \u00fanica.<\/p>\n","protected":false},"excerpt":{"rendered":"<p>\u201dV\u00e1monos todos a Los Tuxtlas para disfrutar del Festival Gastron\u00f3mico\u201d, exhort\u00f3. Xalapa, ver., 15 de junio 2023.- Este s\u00e1bado 17, se llevar\u00e1 a cabo el festival gastron\u00f3mico \u201cSaboreando Catemaco\u201d en Los Tuxtlas, inform\u00f3 el diputado Rafa Fararoni Maga\u00f1a e invit\u00f3 a conocer estas fiestas caracter\u00edsticas de la regi\u00f3n. En entrevista, el legislador local, extern\u00f3 la invitaci\u00f3n a todos y todas las personas que no tengan \u201carmado su plan\u201d de fin de semana para que visiten Catemaco y disfruten cada una de las ofertas gastron\u00f3micas de la zona. \u201cEs una muy&hellip;<\/p>\n","protected":false},"author":1,"featured_media":0,"comment_status":"open","ping_status":"closed","sticky":false,"template":"","format":"standard","meta":{"footnotes":""},"categories":[3,6],"tags":[6264],"class_list":["post-100726","post","type-post","status-publish","format-standard","hentry","category-destacadas","category-zona-tuxtlas","tag-rafael-fararoni-magana"],"jetpack-related-posts":[],"_links":{"self":[{"href":"https:\/\/www.noticiasperfil.com\/index\/wp-json\/wp\/v2\/posts\/100726","targetHints":{"allow":["GET"]}}],"collection":[{"href":"https:\/\/www.noticiasperfil.com\/index\/wp-json\/wp\/v2\/posts"}],"about":[{"href":"https:\/\/www.noticiasperfil.com\/index\/wp-json\/wp\/v2\/types\/post"}],"author":[{"embeddable":true,"href":"https:\/\/www.noticiasperfil.com\/index\/wp-json\/wp\/v2\/users\/1"}],"replies":[{"embeddable":true,"href":"https:\/\/www.noticiasperfil.com\/index\/wp-json\/wp\/v2\/comments?post=100726"}],"version-history":[{"count":1,"href":"https:\/\/www.noticiasperfil.com\/index\/wp-json\/wp\/v2\/posts\/100726\/revisions"}],"predecessor-version":[{"id":100729,"href":"https:\/\/www.noticiasperfil.com\/index\/wp-json\/wp\/v2\/posts\/100726\/revisions\/100729"}],"wp:attachment":[{"href":"https:\/\/www.noticiasperfil.com\/index\/wp-json\/wp\/v2\/media?parent=100726"}],"wp:term":[{"taxonomy":"category","embeddable":true,"href":"https:\/\/www.noticiasperfil.com\/index\/wp-json\/wp\/v2\/categories?post=100726"},{"taxonomy":"post_tag","embeddable":true,"href":"https:\/\/www.noticiasperfil.com\/index\/wp-json\/wp\/v2\/tags?post=100726"}],"curies":[{"name":"wp","href":"https:\/\/api.w.org\/{rel}","templated":true}]}}