{"id":100800,"date":"2023-06-19T20:24:07","date_gmt":"2023-06-20T01:24:07","guid":{"rendered":"https:\/\/www.noticiasperfil.com\/index\/?p=100800"},"modified":"2023-06-19T20:24:07","modified_gmt":"2023-06-20T01:24:07","slug":"recibe-comision-de-vigilancia-por-parte-del-orfis-resultados-de-auditorias-a-grupo-mas","status":"publish","type":"post","link":"https:\/\/www.noticiasperfil.com\/index\/2023\/06\/19\/recibe-comision-de-vigilancia-por-parte-del-orfis-resultados-de-auditorias-a-grupo-mas\/","title":{"rendered":"Recibe Comisi\u00f3n de Vigilancia, por parte del Orfis, resultados de auditor\u00edas a Grupo MAS"},"content":{"rendered":"<p><img loading=\"lazy\" decoding=\"async\" class=\"aligncenter size-medium wp-image-100801\" src=\"https:\/\/i1.wp.com\/www.noticiasperfil.com\/index\/wp-content\/uploads\/2023\/06\/fararoni-orfis-660x365.jpg?resize=640%2C354&#038;ssl=1\" alt=\"\" width=\"640\" height=\"354\" data-recalc-dims=\"1\" \/><\/p>\n<ul>\n<li><em><strong>El presidente de la Comisi\u00f3n Permanente de Vigilancia del Congreso local, diputado Rafael Fararoni Maga\u00f1a recibi\u00f3 dichos documentos.<\/strong><\/em><\/li>\n<\/ul>\n<p>Xalapa, Ver.- El presidente de la Comisi\u00f3n Permanente de Vigilancia del Congreso local, diputado Rafael Gustavo Fararoni Maga\u00f1a, recibi\u00f3 de la titular del \u00d3rgano de Fiscalizaci\u00f3n Superior del estado (Orfis), Auditora Delia Gonz\u00e1lez Cobos, los informes de las Auditor\u00edas derivadas del exhorto del Congreso del Estado, contenido en el Acuerdo publicado en la Gaceta Oficial el 14 de junio de 2022, en relaci\u00f3n con el Grupo Metropolitano de Agua y Saneamiento, S.A.P.I de C.V, en los municipios de Medell\u00edn de Bravo y Veracruz.<\/p>\n<p>En este acto de recepci\u00f3n estuvieron presentes los diputados Jos\u00e9 Magdaleno Rosales Torres, representante del Distrito XVII de Medell\u00edn, y Fernando Arteaga Aponte, del Distrito XIV, Veracruz I, y vocal de la Comisi\u00f3n de Vigilancia.<\/p>\n","protected":false},"excerpt":{"rendered":"<p>El presidente de la Comisi\u00f3n Permanente de Vigilancia del Congreso local, diputado Rafael Fararoni Maga\u00f1a recibi\u00f3 dichos documentos. Xalapa, Ver.- El presidente de la Comisi\u00f3n Permanente de Vigilancia del Congreso local, diputado Rafael Gustavo Fararoni Maga\u00f1a, recibi\u00f3 de la titular del \u00d3rgano de Fiscalizaci\u00f3n Superior del estado (Orfis), Auditora Delia Gonz\u00e1lez Cobos, los informes de las Auditor\u00edas derivadas del exhorto del Congreso del Estado, contenido en el Acuerdo publicado en la Gaceta Oficial el 14 de junio de 2022, en relaci\u00f3n con el Grupo Metropolitano de Agua y Saneamiento, S.A.P.I&hellip;<\/p>\n","protected":false},"author":1,"featured_media":0,"comment_status":"open","ping_status":"closed","sticky":false,"template":"","format":"standard","meta":{"footnotes":""},"categories":[3,4],"tags":[6264],"class_list":["post-100800","post","type-post","status-publish","format-standard","hentry","category-destacadas","category-estatal","tag-rafael-fararoni-magana"],"jetpack-related-posts":[],"_links":{"self":[{"href":"https:\/\/www.noticiasperfil.com\/index\/wp-json\/wp\/v2\/posts\/100800","targetHints":{"allow":["GET"]}}],"collection":[{"href":"https:\/\/www.noticiasperfil.com\/index\/wp-json\/wp\/v2\/posts"}],"about":[{"href":"https:\/\/www.noticiasperfil.com\/index\/wp-json\/wp\/v2\/types\/post"}],"author":[{"embeddable":true,"href":"https:\/\/www.noticiasperfil.com\/index\/wp-json\/wp\/v2\/users\/1"}],"replies":[{"embeddable":true,"href":"https:\/\/www.noticiasperfil.com\/index\/wp-json\/wp\/v2\/comments?post=100800"}],"version-history":[{"count":1,"href":"https:\/\/www.noticiasperfil.com\/index\/wp-json\/wp\/v2\/posts\/100800\/revisions"}],"predecessor-version":[{"id":100802,"href":"https:\/\/www.noticiasperfil.com\/index\/wp-json\/wp\/v2\/posts\/100800\/revisions\/100802"}],"wp:attachment":[{"href":"https:\/\/www.noticiasperfil.com\/index\/wp-json\/wp\/v2\/media?parent=100800"}],"wp:term":[{"taxonomy":"category","embeddable":true,"href":"https:\/\/www.noticiasperfil.com\/index\/wp-json\/wp\/v2\/categories?post=100800"},{"taxonomy":"post_tag","embeddable":true,"href":"https:\/\/www.noticiasperfil.com\/index\/wp-json\/wp\/v2\/tags?post=100800"}],"curies":[{"name":"wp","href":"https:\/\/api.w.org\/{rel}","templated":true}]}}