{"id":101143,"date":"2023-07-06T14:14:03","date_gmt":"2023-07-06T19:14:03","guid":{"rendered":"https:\/\/www.noticiasperfil.com\/index\/?p=101143"},"modified":"2023-07-06T14:14:04","modified_gmt":"2023-07-06T19:14:04","slug":"insiste-cuitlahuac-a-jovenes-a-no-jugarsela-con-las-drogas","status":"publish","type":"post","link":"https:\/\/www.noticiasperfil.com\/index\/2023\/07\/06\/insiste-cuitlahuac-a-jovenes-a-no-jugarsela-con-las-drogas\/","title":{"rendered":"Insiste CUitl\u00e1huac a j\u00f3venes a no jug\u00e1rsela con las drogas"},"content":{"rendered":"<p><img loading=\"lazy\" decoding=\"async\" class=\"aligncenter size-medium wp-image-101144\" src=\"https:\/\/i2.wp.com\/www.noticiasperfil.com\/index\/wp-content\/uploads\/2023\/07\/coenscopaz-660x365.jpg?resize=640%2C354&#038;ssl=1\" alt=\"\" width=\"640\" height=\"354\" data-recalc-dims=\"1\" \/><\/p>\n<ul>\n<li><em><strong>Hizo un llamado a los padres de familia para mantener una comunicaci\u00f3n cercana con sus hijos y evitar que caigan en el consumo como el fentanilo que puede causar da\u00f1os irreversibles.<\/strong><\/em><\/li>\n<\/ul>\n<p>Xalapa, Ver.- El gobernador Cuitl\u00e1huac Garc\u00eda Jim\u00e9nez, inform\u00f3 que se mantiene la campa\u00f1a estatal \u201cNo te la juegues con las drogas\u201d y tambi\u00e9n la federal \u201cSi te drogas, te da\u00f1as\u201d, para inhibir el uso de sustancias prohibidas entre los j\u00f3venes.<\/p>\n<p>En ese sentido, hizo un llamado a los padres de familia para mantener una comunicaci\u00f3n cercana con sus hijos y evitar que caigan en el consumo como el fentanilo que puede causar da\u00f1os irreversibles.<\/p>\n<p>Pidi\u00f3 que si alguien cuenta con informaci\u00f3n sobre distribuci\u00f3n o la venta de dichas sustancias, denuncia de manera an\u00f3nima este delito grave al 089.<\/p>\n<p>Este jueves, el gobernador Cuitl\u00e1huac Garc\u00eda Jim\u00e9nez se reuni\u00f3 de manera virtual en la COESCONPAZ para dar seguimiento a los operativos de seguridad y las acciones coordinadas para la construcci\u00f3n de la paz en todo Veracruz.<\/p>\n","protected":false},"excerpt":{"rendered":"<p>Hizo un llamado a los padres de familia para mantener una comunicaci\u00f3n cercana con sus hijos y evitar que caigan en el consumo como el fentanilo que puede causar da\u00f1os irreversibles. Xalapa, Ver.- El gobernador Cuitl\u00e1huac Garc\u00eda Jim\u00e9nez, inform\u00f3 que se mantiene la campa\u00f1a estatal \u201cNo te la juegues con las drogas\u201d y tambi\u00e9n la federal \u201cSi te drogas, te da\u00f1as\u201d, para inhibir el uso de sustancias prohibidas entre los j\u00f3venes. En ese sentido, hizo un llamado a los padres de familia para mantener una comunicaci\u00f3n cercana con sus hijos&hellip;<\/p>\n","protected":false},"author":1,"featured_media":0,"comment_status":"open","ping_status":"closed","sticky":false,"template":"","format":"standard","meta":{"footnotes":""},"categories":[3,4],"tags":[339],"class_list":["post-101143","post","type-post","status-publish","format-standard","hentry","category-destacadas","category-estatal","tag-cuitlahuac-garcia-jimenez"],"jetpack-related-posts":[],"_links":{"self":[{"href":"https:\/\/www.noticiasperfil.com\/index\/wp-json\/wp\/v2\/posts\/101143","targetHints":{"allow":["GET"]}}],"collection":[{"href":"https:\/\/www.noticiasperfil.com\/index\/wp-json\/wp\/v2\/posts"}],"about":[{"href":"https:\/\/www.noticiasperfil.com\/index\/wp-json\/wp\/v2\/types\/post"}],"author":[{"embeddable":true,"href":"https:\/\/www.noticiasperfil.com\/index\/wp-json\/wp\/v2\/users\/1"}],"replies":[{"embeddable":true,"href":"https:\/\/www.noticiasperfil.com\/index\/wp-json\/wp\/v2\/comments?post=101143"}],"version-history":[{"count":1,"href":"https:\/\/www.noticiasperfil.com\/index\/wp-json\/wp\/v2\/posts\/101143\/revisions"}],"predecessor-version":[{"id":101145,"href":"https:\/\/www.noticiasperfil.com\/index\/wp-json\/wp\/v2\/posts\/101143\/revisions\/101145"}],"wp:attachment":[{"href":"https:\/\/www.noticiasperfil.com\/index\/wp-json\/wp\/v2\/media?parent=101143"}],"wp:term":[{"taxonomy":"category","embeddable":true,"href":"https:\/\/www.noticiasperfil.com\/index\/wp-json\/wp\/v2\/categories?post=101143"},{"taxonomy":"post_tag","embeddable":true,"href":"https:\/\/www.noticiasperfil.com\/index\/wp-json\/wp\/v2\/tags?post=101143"}],"curies":[{"name":"wp","href":"https:\/\/api.w.org\/{rel}","templated":true}]}}