{"id":101147,"date":"2023-07-06T17:55:45","date_gmt":"2023-07-06T22:55:45","guid":{"rendered":"https:\/\/www.noticiasperfil.com\/index\/?p=101147"},"modified":"2026-02-06T20:42:11","modified_gmt":"2026-02-07T02:42:11","slug":"rocio-y-cazarin","status":"publish","type":"post","link":"https:\/\/www.noticiasperfil.com\/index\/2023\/07\/06\/rocio-y-cazarin\/","title":{"rendered":"Roc\u00edo y Cazar\u00edn"},"content":{"rendered":"<p><img loading=\"lazy\" decoding=\"async\" class=\"aligncenter wp-image-74115 size-full\" src=\"https:\/\/i2.wp.com\/www.noticiasperfil.com\/index\/wp-content\/uploads\/2021\/04\/aqui-en-los-tuxtlas.jpg?resize=640%2C360&#038;ssl=1\" alt=\"\" width=\"640\" height=\"360\" data-recalc-dims=\"1\" \/><\/p>\n<p><strong>Aqu\u00ed en los Tuxtlas y en los Llanos\/Por V\u00edctor Calder\u00f3n Azamar.<\/strong><\/p>\n<p>Por encima de quienes siguen especulando en el sentido de que el CEN de MORENA anda midiendo qui\u00e9n es qui\u00e9n en torno al candidato id\u00f3neo a la gubernatura de Veracruz, fuentes bien informadas hacia el interior del gobierno de la Cuarta Transformaci\u00f3n confirman que la actual Secretaria de Energ\u00eda, Roc\u00edo Nahle Garc\u00eda, sigue siendo la puntera en la carrera al pr\u00f3ximo gobierno veracruzano.<\/p>\n<p>Roc\u00edo Nahle es la aspirante a la grande de Veracruz, m\u00e1s sensata y congruente, de ah\u00ed que existe un especial inter\u00e9s de un gran n\u00famero de organizaciones morenistas para que este personaje aparezca en las boletas del 2024.<\/p>\n<p>Uno de los principales operadores pol\u00edticos de Roc\u00edo Nahle es el diputado local Juan Javier G\u00f3mez Cazar\u00edn, quien tiene una gran ascendencia entre la clase morenista de casi todas las regiones del estado de Veracruz. Cazar\u00edn sabe c\u00f3mo hacer clientela con los morenistas, al grado de haber conciliado intereses con varios dirigentes pol\u00edticos ajenos a la Cuarta Transformaci\u00f3n, las cuales con orgullo visten la playera de color magenta.<\/p>\n<p>Quienes cre\u00edan que Juan Javier G\u00f3mez Cazar\u00edn no acreditar\u00eda los ejercicios de MORENA, se equivocaron; porque ahora este activo pol\u00edtico se apuntala en estar cerca de las decisiones de la futura candidata al gobierno de Veracruz, Roc\u00edo Nahle, quien conoce de cerca al oriundo de Hueyapan de Ocampo, quien es un pol\u00edtico no s\u00f3lo h\u00e1bil, sino persistente que sabe trabajar en escenarios de corto y largo plazo.<\/p>\n<p>Juan Javier G\u00f3mez Cazar\u00edn es un pol\u00edtico distinto a la mayor\u00eda de los dirigentes de MORENA; tiene personalidad propia dentro y fuera de su partido y si bien es cierto que este personaje es pol\u00e9mico y que tiene sus detractores, tambi\u00e9n es una realidad que es un pol\u00edtico leal a toda prueba y que todas sus canicas se las jugar\u00e1 en el proyecto pol\u00edtico Nahlista, el cual tiene mucho futuro en Veracruz.<\/p>\n<p>Y nos vemos en la otra.<\/p>\n","protected":false},"excerpt":{"rendered":"<p>Aqu\u00ed en los Tuxtlas y en los Llanos\/Por V\u00edctor Calder\u00f3n Azamar. Por encima de quienes siguen especulando en el sentido de que el CEN de MORENA anda midiendo qui\u00e9n es qui\u00e9n en torno al candidato id\u00f3neo a la gubernatura de Veracruz, fuentes bien informadas hacia el interior del gobierno de la Cuarta Transformaci\u00f3n confirman que la actual Secretaria de Energ\u00eda, Roc\u00edo Nahle Garc\u00eda, sigue siendo la puntera en la carrera al pr\u00f3ximo gobierno veracruzano. Roc\u00edo Nahle es la aspirante a la grande de Veracruz, m\u00e1s sensata y congruente, de ah\u00ed&hellip;<\/p>\n","protected":false},"author":1,"featured_media":0,"comment_status":"open","ping_status":"closed","sticky":false,"template":"","format":"standard","meta":{"footnotes":""},"categories":[3,8,6],"tags":[4842,3387],"class_list":["post-101147","post","type-post","status-publish","format-standard","hentry","category-destacadas","category-opinion","category-zona-tuxtlas","tag-juan-javier-gomez-cazarin","tag-rocio-nahle-garcia"],"jetpack-related-posts":[],"_links":{"self":[{"href":"https:\/\/www.noticiasperfil.com\/index\/wp-json\/wp\/v2\/posts\/101147","targetHints":{"allow":["GET"]}}],"collection":[{"href":"https:\/\/www.noticiasperfil.com\/index\/wp-json\/wp\/v2\/posts"}],"about":[{"href":"https:\/\/www.noticiasperfil.com\/index\/wp-json\/wp\/v2\/types\/post"}],"author":[{"embeddable":true,"href":"https:\/\/www.noticiasperfil.com\/index\/wp-json\/wp\/v2\/users\/1"}],"replies":[{"embeddable":true,"href":"https:\/\/www.noticiasperfil.com\/index\/wp-json\/wp\/v2\/comments?post=101147"}],"version-history":[{"count":1,"href":"https:\/\/www.noticiasperfil.com\/index\/wp-json\/wp\/v2\/posts\/101147\/revisions"}],"predecessor-version":[{"id":101148,"href":"https:\/\/www.noticiasperfil.com\/index\/wp-json\/wp\/v2\/posts\/101147\/revisions\/101148"}],"wp:attachment":[{"href":"https:\/\/www.noticiasperfil.com\/index\/wp-json\/wp\/v2\/media?parent=101147"}],"wp:term":[{"taxonomy":"category","embeddable":true,"href":"https:\/\/www.noticiasperfil.com\/index\/wp-json\/wp\/v2\/categories?post=101147"},{"taxonomy":"post_tag","embeddable":true,"href":"https:\/\/www.noticiasperfil.com\/index\/wp-json\/wp\/v2\/tags?post=101147"}],"curies":[{"name":"wp","href":"https:\/\/api.w.org\/{rel}","templated":true}]}}