{"id":101190,"date":"2023-07-08T14:37:25","date_gmt":"2023-07-08T19:37:25","guid":{"rendered":"https:\/\/www.noticiasperfil.com\/index\/?p=101190"},"modified":"2023-07-08T14:37:25","modified_gmt":"2023-07-08T19:37:25","slug":"en-veracruz-hay-unidad-rumbo-y-destino-juan-javier-gomez-cazarin","status":"publish","type":"post","link":"https:\/\/www.noticiasperfil.com\/index\/2023\/07\/08\/en-veracruz-hay-unidad-rumbo-y-destino-juan-javier-gomez-cazarin\/","title":{"rendered":"En Veracruz hay unidad, rumbo y destino: Juan Javier G\u00f3mez Cazar\u00edn"},"content":{"rendered":"<p><img loading=\"lazy\" decoding=\"async\" class=\"aligncenter size-medium wp-image-101191\" src=\"https:\/\/i1.wp.com\/www.noticiasperfil.com\/index\/wp-content\/uploads\/2023\/07\/nahle-cazarin-660x365.jpg?resize=640%2C354&#038;ssl=1\" alt=\"\" width=\"640\" height=\"354\" data-recalc-dims=\"1\" \/><\/p>\n<ul>\n<li><em><strong>Con Roc\u00edo Nahle se le dar\u00e1 continuidad a este gran proyecto a favor del pueblo, con miras al 2024, indic\u00f3.<\/strong><\/em><\/li>\n<\/ul>\n<p>Coatzacoalcos, Veracruz, 8 de julio de 2023.- \u00abEn la Cuarta Transformaci\u00f3n de Veracruz hay unidad, rumbo y destino; la ruta 2024 est\u00e1 trazada para garantizar la continuidad del proyecto a favor del pueblo\u00bb, afirm\u00f3 el diputado local y l\u00edder de la JUCOPO, Juan Javier G\u00f3mez Cazar\u00edn.<\/p>\n<p>El Legislador destac\u00f3 que en Morena hay un amplio consenso en torno a que sea Roc\u00edo Nahle Garc\u00eda quien encabece los trabajos internos para la continuidad de la 4T en el estado.<\/p>\n<p>\u00abCh\u00edo lo ha dicho: Veracruz es su hogar y su destino, y desde las bases de Morena respaldamos que la mejor posicionada en las encuestas y ante los veracruzanos, refrende el proyecto de la Cuarta Transformaci\u00f3n\u00bb, expres\u00f3.<\/p>\n<p>El L\u00edder de la Junta de Coordinaci\u00f3n Pol\u00edtica del Congreso local se reuni\u00f3 junto con Zenyazen Escobar Garc\u00eda, Eleazar Guerrero P\u00e9rez y Jos\u00e9 Luis Lima Franco con Roc\u00edo Nahle en esta ciudad porte\u00f1a, donde analizaron los retos que plantea el 2024 para la continuidad de la 4T en Veracruz.<\/p>\n<p>La unidad, indic\u00f3, marca el rumbo y la ruta que se deber\u00e1 seguir para defender este gran proyecto pol\u00edtico a favor del pueblo veracruzano, que hoy ha sentado las bases con el buen gobierno de Cuitl\u00e1huac Garc\u00eda Jim\u00e9nez en el estado y bajo la direcci\u00f3n del presidente de la Rep\u00fablica, Andr\u00e9s Manuel L\u00f3pez Obrador.<\/p>\n","protected":false},"excerpt":{"rendered":"<p>Con Roc\u00edo Nahle se le dar\u00e1 continuidad a este gran proyecto a favor del pueblo, con miras al 2024, indic\u00f3. Coatzacoalcos, Veracruz, 8 de julio de 2023.- \u00abEn la Cuarta Transformaci\u00f3n de Veracruz hay unidad, rumbo y destino; la ruta 2024 est\u00e1 trazada para garantizar la continuidad del proyecto a favor del pueblo\u00bb, afirm\u00f3 el diputado local y l\u00edder de la JUCOPO, Juan Javier G\u00f3mez Cazar\u00edn. El Legislador destac\u00f3 que en Morena hay un amplio consenso en torno a que sea Roc\u00edo Nahle Garc\u00eda quien encabece los trabajos internos para&hellip;<\/p>\n","protected":false},"author":1,"featured_media":0,"comment_status":"open","ping_status":"closed","sticky":false,"template":"","format":"standard","meta":{"footnotes":""},"categories":[3,4],"tags":[4842,3387],"class_list":["post-101190","post","type-post","status-publish","format-standard","hentry","category-destacadas","category-estatal","tag-juan-javier-gomez-cazarin","tag-rocio-nahle-garcia"],"jetpack-related-posts":[],"_links":{"self":[{"href":"https:\/\/www.noticiasperfil.com\/index\/wp-json\/wp\/v2\/posts\/101190","targetHints":{"allow":["GET"]}}],"collection":[{"href":"https:\/\/www.noticiasperfil.com\/index\/wp-json\/wp\/v2\/posts"}],"about":[{"href":"https:\/\/www.noticiasperfil.com\/index\/wp-json\/wp\/v2\/types\/post"}],"author":[{"embeddable":true,"href":"https:\/\/www.noticiasperfil.com\/index\/wp-json\/wp\/v2\/users\/1"}],"replies":[{"embeddable":true,"href":"https:\/\/www.noticiasperfil.com\/index\/wp-json\/wp\/v2\/comments?post=101190"}],"version-history":[{"count":1,"href":"https:\/\/www.noticiasperfil.com\/index\/wp-json\/wp\/v2\/posts\/101190\/revisions"}],"predecessor-version":[{"id":101192,"href":"https:\/\/www.noticiasperfil.com\/index\/wp-json\/wp\/v2\/posts\/101190\/revisions\/101192"}],"wp:attachment":[{"href":"https:\/\/www.noticiasperfil.com\/index\/wp-json\/wp\/v2\/media?parent=101190"}],"wp:term":[{"taxonomy":"category","embeddable":true,"href":"https:\/\/www.noticiasperfil.com\/index\/wp-json\/wp\/v2\/categories?post=101190"},{"taxonomy":"post_tag","embeddable":true,"href":"https:\/\/www.noticiasperfil.com\/index\/wp-json\/wp\/v2\/tags?post=101190"}],"curies":[{"name":"wp","href":"https:\/\/api.w.org\/{rel}","templated":true}]}}