{"id":101193,"date":"2023-07-08T14:55:22","date_gmt":"2023-07-08T19:55:22","guid":{"rendered":"https:\/\/www.noticiasperfil.com\/index\/?p=101193"},"modified":"2023-07-08T14:58:11","modified_gmt":"2023-07-08T19:58:11","slug":"preven-lluvias-y-tormentas-vespertinas-a-nocturnas-en-veracruz","status":"publish","type":"post","link":"https:\/\/www.noticiasperfil.com\/index\/2023\/07\/08\/preven-lluvias-y-tormentas-vespertinas-a-nocturnas-en-veracruz\/","title":{"rendered":"Prev\u00e9n lluvias y tormentas vespertinas a nocturnas en Veracruz"},"content":{"rendered":"<p><img loading=\"lazy\" decoding=\"async\" class=\"aligncenter wp-image-87717 size-full\" src=\"https:\/\/i1.wp.com\/www.noticiasperfil.com\/index\/wp-content\/uploads\/2022\/06\/lluvia-veracruz.jpg?resize=640%2C430&#038;ssl=1\" alt=\"\" width=\"640\" height=\"430\" data-recalc-dims=\"1\" \/><\/p>\n<ul>\n<li><em><strong>A\u00fan as\u00ed, las temperaturas ser\u00e1n altas y el ambiente bochornoso.<\/strong><\/em><\/li>\n<\/ul>\n<p>Xalapa, Ver.- S\u00e1bado con temperaturas altas y ambiente bochornoso. Despejado a medio nublado, aunque pueden incrementar los nublados con probabilidad de lluvias y tormentas vespertinas a nocturnas en monta\u00f1as y en llanuras y costas nocturnas a matutinas. Viento del sureste, este y noreste con rachas.<\/p>\n<p>Una vaguada fue analizada en el suroeste del Golfo de M\u00e9xico, otra en el centro del pa\u00eds, adem\u00e1s la onda tropical n\u00famero 11 cruza el oriente de la pen\u00ednsula de Yucat\u00e1n.<\/p>\n<p>Se prev\u00e9 aumenten los nublados con potencial para lluvias y tormentas vespertinas a nocturnas en zonas de monta\u00f1a y en la costa central por la noche a madrugada.<\/p>\n<p>Las temperaturas ser\u00e1n altas y el ambiente bochornoso. Viento del sureste, este y noreste de 20 a 35 km\/h con rachas. Se pronostica que el eje de la onda tropical n\u00famero 11 cruce el sur de la entidad el domingo, situaci\u00f3n que mantendr\u00e1 la probabilidad de precipitaciones en la entidad en especial cuenca sur y centro. Se recomienda consultar la actualizaci\u00f3n de este pron\u00f3stico.<\/p>\n","protected":false},"excerpt":{"rendered":"<p>A\u00fan as\u00ed, las temperaturas ser\u00e1n altas y el ambiente bochornoso. Xalapa, Ver.- S\u00e1bado con temperaturas altas y ambiente bochornoso. Despejado a medio nublado, aunque pueden incrementar los nublados con probabilidad de lluvias y tormentas vespertinas a nocturnas en monta\u00f1as y en llanuras y costas nocturnas a matutinas. Viento del sureste, este y noreste con rachas. Una vaguada fue analizada en el suroeste del Golfo de M\u00e9xico, otra en el centro del pa\u00eds, adem\u00e1s la onda tropical n\u00famero 11 cruza el oriente de la pen\u00ednsula de Yucat\u00e1n. Se prev\u00e9 aumenten los&hellip;<\/p>\n","protected":false},"author":1,"featured_media":0,"comment_status":"open","ping_status":"closed","sticky":false,"template":"","format":"standard","meta":{"footnotes":""},"categories":[3,4],"tags":[844],"class_list":["post-101193","post","type-post","status-publish","format-standard","hentry","category-destacadas","category-estatal","tag-lluvias-veracruz"],"jetpack-related-posts":[],"_links":{"self":[{"href":"https:\/\/www.noticiasperfil.com\/index\/wp-json\/wp\/v2\/posts\/101193","targetHints":{"allow":["GET"]}}],"collection":[{"href":"https:\/\/www.noticiasperfil.com\/index\/wp-json\/wp\/v2\/posts"}],"about":[{"href":"https:\/\/www.noticiasperfil.com\/index\/wp-json\/wp\/v2\/types\/post"}],"author":[{"embeddable":true,"href":"https:\/\/www.noticiasperfil.com\/index\/wp-json\/wp\/v2\/users\/1"}],"replies":[{"embeddable":true,"href":"https:\/\/www.noticiasperfil.com\/index\/wp-json\/wp\/v2\/comments?post=101193"}],"version-history":[{"count":1,"href":"https:\/\/www.noticiasperfil.com\/index\/wp-json\/wp\/v2\/posts\/101193\/revisions"}],"predecessor-version":[{"id":101194,"href":"https:\/\/www.noticiasperfil.com\/index\/wp-json\/wp\/v2\/posts\/101193\/revisions\/101194"}],"wp:attachment":[{"href":"https:\/\/www.noticiasperfil.com\/index\/wp-json\/wp\/v2\/media?parent=101193"}],"wp:term":[{"taxonomy":"category","embeddable":true,"href":"https:\/\/www.noticiasperfil.com\/index\/wp-json\/wp\/v2\/categories?post=101193"},{"taxonomy":"post_tag","embeddable":true,"href":"https:\/\/www.noticiasperfil.com\/index\/wp-json\/wp\/v2\/tags?post=101193"}],"curies":[{"name":"wp","href":"https:\/\/api.w.org\/{rel}","templated":true}]}}