{"id":101241,"date":"2023-07-11T13:01:29","date_gmt":"2023-07-11T18:01:29","guid":{"rendered":"https:\/\/www.noticiasperfil.com\/index\/?p=101241"},"modified":"2023-07-11T13:01:29","modified_gmt":"2023-07-11T18:01:29","slug":"saldo-de-dos-personas-fallecidas-por-incendio-en-villa-comoapan","status":"publish","type":"post","link":"https:\/\/www.noticiasperfil.com\/index\/2023\/07\/11\/saldo-de-dos-personas-fallecidas-por-incendio-en-villa-comoapan\/","title":{"rendered":"Saldo de dos personas fallecidas por incendio en Villa Comoapan"},"content":{"rendered":"<p><img loading=\"lazy\" decoding=\"async\" class=\"aligncenter size-medium wp-image-101242\" src=\"https:\/\/i2.wp.com\/www.noticiasperfil.com\/index\/wp-content\/uploads\/2023\/07\/comoapan-660x365.jpg?resize=640%2C354&#038;ssl=1\" alt=\"\" width=\"640\" height=\"354\" data-recalc-dims=\"1\" \/><\/p>\n<p>San Andr\u00e9s Tuxtla, Ver.- La Secretar\u00eda de Protecci\u00f3n Civil del Estado report\u00f3 que tras registrarse un incendio en un local comercial en el municipio de San Andr\u00e9s Tuxtla, en la localidad Villa Comoapan hay dos personas fallecidas y una persona que fue atendida por crisis nerviosa.<\/p>\n<p>A las 8:30 hrs se registr\u00f3 un incendio en un local de pirotecnia ubicado en la calle Aldama del Barrio San Miguel, localidad Villa Comoapan.<\/p>\n<p>El incendio se report\u00f3 como activo y en atenci\u00f3n, y en el lugar se report\u00f3 el saldo de dos personas fallecidas, as\u00ed como una persona atendida por crisis nerviosa.<\/p>\n<p>Elementos de PC municipal y el H. Cuerpo de Bomberos arribaron para dar los auxilios.<\/p>\n","protected":false},"excerpt":{"rendered":"<p>San Andr\u00e9s Tuxtla, Ver.- La Secretar\u00eda de Protecci\u00f3n Civil del Estado report\u00f3 que tras registrarse un incendio en un local comercial en el municipio de San Andr\u00e9s Tuxtla, en la localidad Villa Comoapan hay dos personas fallecidas y una persona que fue atendida por crisis nerviosa. A las 8:30 hrs se registr\u00f3 un incendio en un local de pirotecnia ubicado en la calle Aldama del Barrio San Miguel, localidad Villa Comoapan. El incendio se report\u00f3 como activo y en atenci\u00f3n, y en el lugar se report\u00f3 el saldo de dos&hellip;<\/p>\n","protected":false},"author":1,"featured_media":0,"comment_status":"open","ping_status":"closed","sticky":false,"template":"","format":"standard","meta":{"footnotes":""},"categories":[3,12],"tags":[10235],"class_list":["post-101241","post","type-post","status-publish","format-standard","hentry","category-destacadas","category-san-andres-tuxtla","tag-incendio-villa-comoapan"],"jetpack-related-posts":[],"_links":{"self":[{"href":"https:\/\/www.noticiasperfil.com\/index\/wp-json\/wp\/v2\/posts\/101241","targetHints":{"allow":["GET"]}}],"collection":[{"href":"https:\/\/www.noticiasperfil.com\/index\/wp-json\/wp\/v2\/posts"}],"about":[{"href":"https:\/\/www.noticiasperfil.com\/index\/wp-json\/wp\/v2\/types\/post"}],"author":[{"embeddable":true,"href":"https:\/\/www.noticiasperfil.com\/index\/wp-json\/wp\/v2\/users\/1"}],"replies":[{"embeddable":true,"href":"https:\/\/www.noticiasperfil.com\/index\/wp-json\/wp\/v2\/comments?post=101241"}],"version-history":[{"count":1,"href":"https:\/\/www.noticiasperfil.com\/index\/wp-json\/wp\/v2\/posts\/101241\/revisions"}],"predecessor-version":[{"id":101243,"href":"https:\/\/www.noticiasperfil.com\/index\/wp-json\/wp\/v2\/posts\/101241\/revisions\/101243"}],"wp:attachment":[{"href":"https:\/\/www.noticiasperfil.com\/index\/wp-json\/wp\/v2\/media?parent=101241"}],"wp:term":[{"taxonomy":"category","embeddable":true,"href":"https:\/\/www.noticiasperfil.com\/index\/wp-json\/wp\/v2\/categories?post=101241"},{"taxonomy":"post_tag","embeddable":true,"href":"https:\/\/www.noticiasperfil.com\/index\/wp-json\/wp\/v2\/tags?post=101241"}],"curies":[{"name":"wp","href":"https:\/\/api.w.org\/{rel}","templated":true}]}}