{"id":101244,"date":"2023-07-11T13:25:31","date_gmt":"2023-07-11T18:25:31","guid":{"rendered":"https:\/\/www.noticiasperfil.com\/index\/?p=101244"},"modified":"2023-07-11T13:25:31","modified_gmt":"2023-07-11T18:25:31","slug":"no-va-por-la-grande-afirma-cuitlahuac-que-eric-cisneros-queda-descartado-de-candidatura","status":"publish","type":"post","link":"https:\/\/www.noticiasperfil.com\/index\/2023\/07\/11\/no-va-por-la-grande-afirma-cuitlahuac-que-eric-cisneros-queda-descartado-de-candidatura\/","title":{"rendered":"\u00a1No va por la grande! Afirma Cuitl\u00e1huac que Eric Cisneros queda descartado de candidatura"},"content":{"rendered":"<p><img loading=\"lazy\" decoding=\"async\" class=\"aligncenter size-medium wp-image-101245\" src=\"https:\/\/i0.wp.com\/www.noticiasperfil.com\/index\/wp-content\/uploads\/2023\/07\/cuitlahuac-garcia-1-660x365.jpg?resize=640%2C354&#038;ssl=1\" alt=\"\" width=\"640\" height=\"354\" data-recalc-dims=\"1\" \/><\/p>\n<ul>\n<li><em><strong>Gobernador ordena a Secretario de Gobierno \u00abbajar\u00bb espectaculares puestos en la entidad.<\/strong><\/em><\/li>\n<\/ul>\n<p>XALAPA, VER.- El gobernador Cuitl\u00e1huac Garc\u00eda Jim\u00e9nez, anunci\u00f3 que el secretario de gobierno, Eric Cisneros Burgos, no buscar\u00e1 la candidatura al gobierno del estado por MORENA.<\/p>\n<p>Lo anterior tras las cr\u00edticas de parte del presidente Andr\u00e9s Manuel L\u00f3pez Obrador y de legisladores como Juan Javier G\u00f3mez Cazar\u00edn y la presidenta del congreso, Margarita Corro Mendoza.<\/p>\n<p>\u00abDecirles que el secretario de gobierno acatar\u00e1 la recomendaci\u00f3n que impl\u00edcitamente se hiciera ayer y que esto no es por cargos, no participara en la elecci\u00f3n a gobernador\u00bb.<\/p>\n<p>\u00abEn la elecci\u00f3n a gobernador, platiqu\u00e9 anoche con \u00e9l y me pareci\u00f3 acertada la decisi\u00f3n\u00bb.<\/p>\n<p>En conferencia de prensa, el gobernador Cuitl\u00e1huac Garc\u00eda Jim\u00e9nez adelant\u00f3 que en la cuarta transformaci\u00f3n todos deben ser disciplinados.<\/p>\n<p>\u00abTambi\u00e9n con respecto a esto mismo, con las bardas, espectaculares y dem\u00e1s anuncios pedir\u00e1 que se borre su nombre o su cara.\u00bb<\/p>\n<p>En ese sentido, lo que si se quedar\u00e1 es la promoci\u00f3n del rescate de la cultura afrodescendiente.<\/p>\n<p>\u00abVeracruz no se puede explicar si no entendemos la poblaci\u00f3n afrodescendiente que explica mucho de lo que hacemos y d\u00f3nde vivimos. No llevar\u00e1 su figura, pero si continuar\u00e1 la promoci\u00f3n del rescate cultural, pero sin la figura del secretario de gobierno\u00bb.<\/p>\n<p>Este lunes el presidente Andr\u00e9s Manuel L\u00f3pez Obrador critic\u00f3 los anuncios espectaculares del secretario de Gobierno, Eric Cisneros.<\/p>\n<p>Lo llam\u00f3 a a renunciar a su cargo si desea ser candidato.<\/p>\n","protected":false},"excerpt":{"rendered":"<p>Gobernador ordena a Secretario de Gobierno \u00abbajar\u00bb espectaculares puestos en la entidad. XALAPA, VER.- El gobernador Cuitl\u00e1huac Garc\u00eda Jim\u00e9nez, anunci\u00f3 que el secretario de gobierno, Eric Cisneros Burgos, no buscar\u00e1 la candidatura al gobierno del estado por MORENA. Lo anterior tras las cr\u00edticas de parte del presidente Andr\u00e9s Manuel L\u00f3pez Obrador y de legisladores como Juan Javier G\u00f3mez Cazar\u00edn y la presidenta del congreso, Margarita Corro Mendoza. \u00abDecirles que el secretario de gobierno acatar\u00e1 la recomendaci\u00f3n que impl\u00edcitamente se hiciera ayer y que esto no es por cargos, no participara&hellip;<\/p>\n","protected":false},"author":1,"featured_media":0,"comment_status":"open","ping_status":"closed","sticky":false,"template":"","format":"standard","meta":{"footnotes":""},"categories":[3,4],"tags":[339,5065],"class_list":["post-101244","post","type-post","status-publish","format-standard","hentry","category-destacadas","category-estatal","tag-cuitlahuac-garcia-jimenez","tag-eric-cisneros-burgos"],"jetpack-related-posts":[],"_links":{"self":[{"href":"https:\/\/www.noticiasperfil.com\/index\/wp-json\/wp\/v2\/posts\/101244","targetHints":{"allow":["GET"]}}],"collection":[{"href":"https:\/\/www.noticiasperfil.com\/index\/wp-json\/wp\/v2\/posts"}],"about":[{"href":"https:\/\/www.noticiasperfil.com\/index\/wp-json\/wp\/v2\/types\/post"}],"author":[{"embeddable":true,"href":"https:\/\/www.noticiasperfil.com\/index\/wp-json\/wp\/v2\/users\/1"}],"replies":[{"embeddable":true,"href":"https:\/\/www.noticiasperfil.com\/index\/wp-json\/wp\/v2\/comments?post=101244"}],"version-history":[{"count":1,"href":"https:\/\/www.noticiasperfil.com\/index\/wp-json\/wp\/v2\/posts\/101244\/revisions"}],"predecessor-version":[{"id":101246,"href":"https:\/\/www.noticiasperfil.com\/index\/wp-json\/wp\/v2\/posts\/101244\/revisions\/101246"}],"wp:attachment":[{"href":"https:\/\/www.noticiasperfil.com\/index\/wp-json\/wp\/v2\/media?parent=101244"}],"wp:term":[{"taxonomy":"category","embeddable":true,"href":"https:\/\/www.noticiasperfil.com\/index\/wp-json\/wp\/v2\/categories?post=101244"},{"taxonomy":"post_tag","embeddable":true,"href":"https:\/\/www.noticiasperfil.com\/index\/wp-json\/wp\/v2\/tags?post=101244"}],"curies":[{"name":"wp","href":"https:\/\/api.w.org\/{rel}","templated":true}]}}