{"id":101247,"date":"2023-07-11T13:51:42","date_gmt":"2023-07-11T18:51:42","guid":{"rendered":"https:\/\/www.noticiasperfil.com\/index\/?p=101247"},"modified":"2026-02-06T21:15:00","modified_gmt":"2026-02-07T03:15:00","slug":"hueyapan-100-anos","status":"publish","type":"post","link":"https:\/\/www.noticiasperfil.com\/index\/2023\/07\/11\/hueyapan-100-anos\/","title":{"rendered":"Hueyapan, 100 a\u00f1os"},"content":{"rendered":"<p><img loading=\"lazy\" decoding=\"async\" class=\"aligncenter size-medium wp-image-101248\" src=\"https:\/\/i1.wp.com\/www.noticiasperfil.com\/index\/wp-content\/uploads\/2023\/07\/hueyapan-100-660x365.jpg?resize=640%2C354&#038;ssl=1\" alt=\"\" width=\"640\" height=\"354\" data-recalc-dims=\"1\" \/><\/p>\n<p><strong>Parlamento Veracruz\/Por Juan Javier G\u00f3mez Cazar\u00edn*.<\/strong><\/p>\n<p>Celebrar 100 a\u00f1os no es cualquier cosa. Celebrar los de nuestra tierra, menos.<\/p>\n<p>Y eso fue lo que hicimos este fin de semana en mi pueblo: celebrar con j\u00fabilo, orgullo y optimismo los primeros 100 a\u00f1os de nuestro querido Hueyapan de Ocampo.<\/p>\n<p>Nos sale del alma decir \u201clos primeros\u201d, porque a nadie en mi pueblo le queda la menor duda de que este rinc\u00f3n del mundo tiene mucho futuro por delante. Un futuro fincado en el reconocimiento de su pasado, al mismo tiempo que buscamos modernizar y mejorar nuestros espacios p\u00fablicos.<\/p>\n<p>\u00bfSaben qu\u00e9 me dio especial gusto? Justamente eso: que la celebraci\u00f3n, en s\u00ed, fue un aut\u00e9ntico tributo a nuestros or\u00edgenes, tradiciones y cultura. Un tributo a las generaciones de mujeres y hombres que, hace un siglo, nos precedieron en esfuerzo por levantar a este pueblo con valor, dedicaci\u00f3n y trabajo.<\/p>\n<p>Al contrario de otras comunidades humanas, el paso del tiempo no ha podido mermar en Hueyapan de Ocampo la solidez de nuestra herencia de costumbres, valores y cultura.<\/p>\n<p>En la alegr\u00eda de la m\u00fasica, el baile, la carrera deportiva, la comida y los juegos tradicionales, se dej\u00f3 ver la solidez de nuestro car\u00e1cter originario que no s\u00f3lo est\u00e1 vivo, sino que estamos dispuestas y dispuestos a preservar, transmiti\u00e9ndolo a ni\u00f1as, ni\u00f1os y j\u00f3venes.<\/p>\n<p>Habr\u00e1 quien diga que exagero. No creo estar exagerando, aunque reconozco que est\u00e1 en nuestra naturaleza amar al terru\u00f1o. Encontrarle a nuestro pueblo bellezas y virtudes exclusivas, imposibles de reconocer en otro lugar del mundo.<\/p>\n<p>Est\u00e1 en nuestros genes sentir un poderoso lazo de afecto por los lugares donde vivimos nuestra ni\u00f1ez, donde est\u00e1n nuestros primeros recuerdos, donde est\u00e1n enterrados nuestros muertos.<\/p>\n<p>Tan normalizado est\u00e1 lo anterior, que la situaci\u00f3n inversa nos parece ruin: hay una suerte de ingratitud deplorable del que desprecia y habla mal de su pueblo y de sus costumbres.<\/p>\n<p>Ser\u00e1 por eso que yo encuentro a Hueyapan de Ocampo como el mejor lugar del mundo. Mi lugar en el mundo.<\/p>\n<p>Los invito a conocer Hueyapan. Con celebraci\u00f3n de 100 a\u00f1os o no, siempre ser\u00e1n bienvenidos.<\/p>\n<p>&nbsp;<\/p>\n<p><em>*Diputado local. Presidente de la Junta de Coordinaci\u00f3n Pol\u00edtica del Congreso del Estado.<\/em><\/p>\n","protected":false},"excerpt":{"rendered":"<p>Parlamento Veracruz\/Por Juan Javier G\u00f3mez Cazar\u00edn*. Celebrar 100 a\u00f1os no es cualquier cosa. Celebrar los de nuestra tierra, menos. Y eso fue lo que hicimos este fin de semana en mi pueblo: celebrar con j\u00fabilo, orgullo y optimismo los primeros 100 a\u00f1os de nuestro querido Hueyapan de Ocampo. Nos sale del alma decir \u201clos primeros\u201d, porque a nadie en mi pueblo le queda la menor duda de que este rinc\u00f3n del mundo tiene mucho futuro por delante. Un futuro fincado en el reconocimiento de su pasado, al mismo tiempo que&hellip;<\/p>\n","protected":false},"author":1,"featured_media":0,"comment_status":"open","ping_status":"closed","sticky":false,"template":"","format":"standard","meta":{"footnotes":""},"categories":[8],"tags":[4842],"class_list":["post-101247","post","type-post","status-publish","format-standard","hentry","category-opinion","tag-juan-javier-gomez-cazarin"],"jetpack-related-posts":[],"_links":{"self":[{"href":"https:\/\/www.noticiasperfil.com\/index\/wp-json\/wp\/v2\/posts\/101247","targetHints":{"allow":["GET"]}}],"collection":[{"href":"https:\/\/www.noticiasperfil.com\/index\/wp-json\/wp\/v2\/posts"}],"about":[{"href":"https:\/\/www.noticiasperfil.com\/index\/wp-json\/wp\/v2\/types\/post"}],"author":[{"embeddable":true,"href":"https:\/\/www.noticiasperfil.com\/index\/wp-json\/wp\/v2\/users\/1"}],"replies":[{"embeddable":true,"href":"https:\/\/www.noticiasperfil.com\/index\/wp-json\/wp\/v2\/comments?post=101247"}],"version-history":[{"count":2,"href":"https:\/\/www.noticiasperfil.com\/index\/wp-json\/wp\/v2\/posts\/101247\/revisions"}],"predecessor-version":[{"id":101250,"href":"https:\/\/www.noticiasperfil.com\/index\/wp-json\/wp\/v2\/posts\/101247\/revisions\/101250"}],"wp:attachment":[{"href":"https:\/\/www.noticiasperfil.com\/index\/wp-json\/wp\/v2\/media?parent=101247"}],"wp:term":[{"taxonomy":"category","embeddable":true,"href":"https:\/\/www.noticiasperfil.com\/index\/wp-json\/wp\/v2\/categories?post=101247"},{"taxonomy":"post_tag","embeddable":true,"href":"https:\/\/www.noticiasperfil.com\/index\/wp-json\/wp\/v2\/tags?post=101247"}],"curies":[{"name":"wp","href":"https:\/\/api.w.org\/{rel}","templated":true}]}}