{"id":101257,"date":"2023-07-11T14:23:11","date_gmt":"2023-07-11T19:23:11","guid":{"rendered":"https:\/\/www.noticiasperfil.com\/index\/?p=101257"},"modified":"2023-07-11T14:23:11","modified_gmt":"2023-07-11T19:23:11","slug":"la-promocion-de-cisneros","status":"publish","type":"post","link":"https:\/\/www.noticiasperfil.com\/index\/2023\/07\/11\/la-promocion-de-cisneros\/","title":{"rendered":"La promoci\u00f3n de Cisneros"},"content":{"rendered":"<p><img loading=\"lazy\" decoding=\"async\" class=\"aligncenter size-medium wp-image-93561\" src=\"https:\/\/i2.wp.com\/www.noticiasperfil.com\/index\/wp-content\/uploads\/2022\/10\/punto-de-vista-300x198.jpg?resize=300%2C198&#038;ssl=1\" alt=\"\" width=\"300\" height=\"198\" data-recalc-dims=\"1\" \/><\/p>\n<p><strong>Punto de Vista\/Por Filiberto Vargas Rodr\u00edguez.<\/strong><\/p>\n<p class=\"x_MsoNormal\"><strong class=\"x_ContentPasted0\">Prefacio.\u00a0<\/strong><\/p>\n<p class=\"x_MsoNormal x_ContentPasted0\">El secretario t\u00e9cnico del Senado, Jos\u00e9 Manuel del R\u00edo Virgen, dio a conocer que, desde la creaci\u00f3n del Movimiento por la Justicia, en el estado de Veracruz 82 personas han recobrado la libertad, pues el \u00fanico delito que los manten\u00eda en prisi\u00f3n era el de \u201cultrajes a la autoridad\u201d que fue derogado por mandato de la Suprema Corte de Justicia de la Naci\u00f3n (SCJN). *** Del R\u00edo Virgen explic\u00f3 que a\u00a0trav\u00e9s del Movimiento por la Justicia, que encabezaron los senadores Dante Delgado (MC) y Ricardo Monreal (Morena) han apoyado a personas detenidas no s\u00f3lo en Veracruz sino en todo el pa\u00eds. *** No perdamos de vista que Del R\u00edo Virgen estuvo detenido 178 d\u00edas, acusado de estar vinculado con el homicidio de Ren\u00e9 Remigio Tovar, candidato a la alcald\u00eda de Cazones de Herrera. *** \u00c9l mismo narr\u00f3 que le cost\u00f3 mucho conseguir su libertad, pues tuvo que agotar todo el proceso jurisdiccional y gracias a la} recomendaci\u00f3n de la Comisi\u00f3n Nacional de Derechos Humanos (CNDH) y al amparo que le otorg\u00f3 un juez de Distrito, es que pudo salir. *** Paro aclar\u00f3 que la labor del Movimiento por la Justicia no concluy\u00f3 con su liberaci\u00f3n, pues ha servido para ayudar a otros presos inocentes en Veracruz y otros estados. *** Del R\u00edo Virgen denunci\u00f3 que en Veracruz se detiene a personas para usarlos como chivos expiatorios y luego tienen que ser liberados, como fue el caso de un joven al que hab\u00edan acusado del asesinato de unas periodistas del sur del estado.<\/p>\n<p class=\"x_MsoNormal\" align=\"center\"><strong class=\"x_ContentPasted0\">* * *\u00a0<\/strong><\/p>\n<p class=\"x_MsoNormal x_ContentPasted0\">Es uno de los trucos m\u00e1s viejos en las contiendas electorales: tapizar una regi\u00f3n con anuncios espectaculares, atribuibles a \u201cun tercero\u201d.<\/p>\n<p class=\"x_MsoNormal x_ContentPasted0\">La f\u00f3rmula es sencilla: se contrata a un medio de comunicaci\u00f3n (funciona mejor con las revistas de contenido pol\u00edtico); se le paga a ese medio para que haga un amplio reportaje (positivo, por supuesto) del personaje pol\u00edtico al que se va a promover. Se alcanza un acuerdo econ\u00f3mico (subrepticio, claro est\u00e1) para que dicho medio de comunicaci\u00f3n se atribuya la publicaci\u00f3n de anuncios espectaculares en los que destaque la portada que \u201ccasualmente\u201d, muestra en gran tama\u00f1o el rostro del actor pol\u00edtico a promover.<\/p>\n<p class=\"x_MsoNormal x_ContentPasted0\">\u201cYo no me estoy promoviendo -alegar\u00e1 dicho actor pol\u00edtico ante las autoridades electorales- es la revista que est\u00e1 promoviendo su m\u00e1s reciente n\u00famero, en el que yo aparezco en portada\u201d.<\/p>\n<p class=\"x_MsoNormal x_ContentPasted0\">La opci\u00f3n m\u00e1s socorrida, como dije, es la contrataci\u00f3n de un medio, pero\u2026 si el dinero no es problema, entonces no lo contratas, sino que lo compras.<\/p>\n<p class=\"x_MsoNormal x_ContentPasted0\">El secretario de Gobierno, \u00c9ric Cisneros, se fue por una v\u00eda poco socorrida: la promoci\u00f3n de un libro de su autor\u00eda (dice \u00e9l).<\/p>\n<p class=\"x_MsoNormal x_ContentPasted0\">La diferencia entre la promoci\u00f3n de una revista pol\u00edtica con la imagen de un pol\u00edtico (ah\u00ed tienen a H\u00e9ctor Yunes Landa, que aparece en espectaculares que promueven la revista \u201cAn\u00e1lisis Pol\u00edtico\u201d, por ejemplo) y la propaganda que hace \u00c9ric Cisneros sobre su imagen, es que en muchos de los anuncios que ha colocado (como bien se dijo la ma\u00f1ana de este lunes en Palacio Nacional: \u201cSi juntamos los que han colocado las \u2018corcholatas presidenciales\u2019, no le llegan a los que ha puesto \u00e9l\u201d) es que muchos de esos anuncios ni siquiera mencionan el t\u00edtulo del libro, ni lo muestran. Lo que aparece, de manera preponderante, es la figura del funcionario, vestido de jarocho, sonriente y presumiendo su \u201cnegritud\u201d.<\/p>\n<p class=\"x_MsoNormal x_ContentPasted0\">No hay manera de que \u00c9ric Cisneros argumente, con pruebas, que esos anuncios espectaculares no tienen como fin promover su imagen, lo que est\u00e1 prohibido por la ley.<\/p>\n<p class=\"x_MsoNormal x_ContentPasted0\">La ma\u00f1ana de este lunes, la periodista Tere Moya Guill\u00e9n, quien se present\u00f3 como corresponsal del corporativo Imagen del Golfo, cuestion\u00f3 al presidente L\u00f3pez Obrador:<\/p>\n<p class=\"x_MsoNormal x_ContentPasted0\">\u201cNo s\u00e9 si usted sabe que el estado de Veracruz est\u00e1 tapizado de publicidad con espectaculares y bardas con la imagen del secretario de Gobierno, Eric Cisneros. Si juntamos los que han colocado las \u2018corcholatas presidenciales\u2019, no le llegan a los que ha puesto \u00e9l. \u00bfQu\u00e9 le parece esto?\u201d.<\/p>\n<p class=\"x_MsoNormal x_ContentPasted0\">La respuesta del presidente fue breve, pero contundente:<\/p>\n<p class=\"x_MsoNormal x_ContentPasted0\">\u201cPues est\u00e1 mal. \u00bfQu\u00e9 tiene que hacer un secretario de Gobierno haci\u00e9ndose publicidad? Si quiere ser candidato, que renuncie a su cargo. Y eso que habr\u00eda que ver si son los tiempos que dictan los partidos, que deciden los partidos\u201d.<\/p>\n<p class=\"x_MsoNormal x_ContentPasted0\">Las conferencias de prensa del presidente son muy temprano, por lo que el secretario de Gobierno tuvo tiempo suficiente para hacer un par de llamadas a la Ciudad de M\u00e9xico y averiguar si \u201cel se\u00f1or\u201d estaba enojado con \u00e9l.<\/p>\n<p class=\"x_MsoNormal x_ContentPasted0\">Una vez superado el susto, luego de reunirse con sus \u201casesores\u201d, \u00c9ric Cisneros sali\u00f3 en plan de \u201cperdonavidas\u201d y aclar\u00f3 que \u00e9l no renunciar\u00e1, ni retirar\u00e1 la promoci\u00f3n de \u201csus libros\u201d.<\/p>\n<p class=\"x_MsoNormal x_ContentPasted0\">Y dio su propia interpretaci\u00f3n de lo sucedido por la ma\u00f1ana, en la que -por supuesto- la culpa fue del mensajero:<\/p>\n<p class=\"x_MsoNormal x_ContentPasted0\">\u201cAl Presidente le preguntaron (respecto al hecho de) que hab\u00eda promoci\u00f3n, pero lo que no le dijeron es que hab\u00eda promoci\u00f3n de un libro. Nosotros no estamos en ninguna promoci\u00f3n personal, estamos en la promoci\u00f3n de la cultura, de los cuatro libros, ninguno habla (de mi), no es autobiograf\u00eda. No es alabanza a un servidor. Lo que promovemos es la cultura\u201d.<\/p>\n<p class=\"x_MsoNormal x_ContentPasted0\">\u00bfUsted le cree?<\/p>\n<p class=\"x_MsoNormal x_ContentPasted0\">Yo tampoco.<\/p>\n<p class=\"x_MsoNormal\" align=\"center\"><strong class=\"x_ContentPasted0\">* * *\u00a0<\/strong><\/p>\n<p class=\"x_MsoNormal\"><strong class=\"x_ContentPasted0\">Ep\u00edlogo.\u00a0<\/strong><\/p>\n<p class=\"x_MsoNormal x_ContentPasted0\">Y la oportunidad que tuvo la corresponsal de Imagen del Golfo, en la conferencia de prensa con el presidente, no pod\u00eda ser desperdiciada. Una vez m\u00e1s le cuestionaron al presidente sobre las denuncias que hay contra Miguel \u00c1ngel Yunes Linares. *** La respuesta de L\u00f3pez Obrador dej\u00f3 la sensaci\u00f3n de que ya no quiere saber sobre ese tema, y que dichas denuncias seguir\u00e1n archivadas. *** \u201cPues que no hay el prop\u00f3sito de proteger a nadie, tampoco de perseguir a adversarios, no es mi fuerte la venganza. Hay denuncias en contra de Yunes Linares en la Fiscal\u00eda, pero la Fiscal\u00eda es aut\u00f3noma\u201d. *** Fue un espectacular operativo de la polic\u00eda estatal, que mostr\u00f3 su capacidad de despliegue. Quince\u00a0migrantes fueron detenido por elementos de la Polic\u00eda Vial que detuvieron un autob\u00fas de la l\u00ednea AU y los obligaron a bajar. Luego de catear a cada uno de los extranjeros, fueron subidos a un cami\u00f3n de la corporaci\u00f3n y trasladados al cuartel de San Jos\u00e9. *** Es preciso hacer notar que los migrantes indocumentados no son considerados delincuentes por las leyes mexicanas, de manera que el trato debe ser el propio para un visitante a este pa\u00eds. Una vez verificada su condici\u00f3n y estado de salud, las autoridades deben poner a estas personas a disposici\u00f3n del Instituto Nacional de Migraci\u00f3n. *** Y ese despliegue policiaco quiz\u00e1 hubiera sido m\u00e1s \u00fatil en Poza Rica, donde el propietario del bar \u201cLa Preferida\u201d, as\u00ed como otra persona, fueron asesinados a balazos la noche del domingo. *** Los hechos ocurrieron en el bar ubicado en la calle Quintana Roo, casi esquina con Mariano Abasolo, en la colonia Ricardo Flores Mag\u00f3n. Varios hombres armados ingresaron y dispararon contra sus v\u00edctimas.<\/p>\n<p class=\"x_MsoNormal\"><a id=\"LPlnk466938\" class=\"x_ContentPasted0\" data-linkindex=\"0\"><\/a>filivargas@gmail.com<\/p>\n<p>&nbsp;<\/p>\n","protected":false},"excerpt":{"rendered":"<p>Punto de Vista\/Por Filiberto Vargas Rodr\u00edguez. Prefacio.\u00a0 El secretario t\u00e9cnico del Senado, Jos\u00e9 Manuel del R\u00edo Virgen, dio a conocer que, desde la creaci\u00f3n del Movimiento por la Justicia, en el estado de Veracruz 82 personas han recobrado la libertad, pues el \u00fanico delito que los manten\u00eda en prisi\u00f3n era el de \u201cultrajes a la autoridad\u201d que fue derogado por mandato de la Suprema Corte de Justicia de la Naci\u00f3n (SCJN). *** Del R\u00edo Virgen explic\u00f3 que a\u00a0trav\u00e9s del Movimiento por la Justicia, que encabezaron los senadores Dante Delgado (MC)&hellip;<\/p>\n","protected":false},"author":1,"featured_media":0,"comment_status":"open","ping_status":"closed","sticky":false,"template":"","format":"standard","meta":{"footnotes":""},"categories":[8,4031],"tags":[4032],"class_list":["post-101257","post","type-post","status-publish","format-standard","hentry","category-opinion","category-punto-de-vista","tag-filiberto-vargas-rodriguez"],"jetpack-related-posts":[],"_links":{"self":[{"href":"https:\/\/www.noticiasperfil.com\/index\/wp-json\/wp\/v2\/posts\/101257","targetHints":{"allow":["GET"]}}],"collection":[{"href":"https:\/\/www.noticiasperfil.com\/index\/wp-json\/wp\/v2\/posts"}],"about":[{"href":"https:\/\/www.noticiasperfil.com\/index\/wp-json\/wp\/v2\/types\/post"}],"author":[{"embeddable":true,"href":"https:\/\/www.noticiasperfil.com\/index\/wp-json\/wp\/v2\/users\/1"}],"replies":[{"embeddable":true,"href":"https:\/\/www.noticiasperfil.com\/index\/wp-json\/wp\/v2\/comments?post=101257"}],"version-history":[{"count":1,"href":"https:\/\/www.noticiasperfil.com\/index\/wp-json\/wp\/v2\/posts\/101257\/revisions"}],"predecessor-version":[{"id":101258,"href":"https:\/\/www.noticiasperfil.com\/index\/wp-json\/wp\/v2\/posts\/101257\/revisions\/101258"}],"wp:attachment":[{"href":"https:\/\/www.noticiasperfil.com\/index\/wp-json\/wp\/v2\/media?parent=101257"}],"wp:term":[{"taxonomy":"category","embeddable":true,"href":"https:\/\/www.noticiasperfil.com\/index\/wp-json\/wp\/v2\/categories?post=101257"},{"taxonomy":"post_tag","embeddable":true,"href":"https:\/\/www.noticiasperfil.com\/index\/wp-json\/wp\/v2\/tags?post=101257"}],"curies":[{"name":"wp","href":"https:\/\/api.w.org\/{rel}","templated":true}]}}