{"id":101345,"date":"2023-07-13T20:08:09","date_gmt":"2023-07-14T01:08:09","guid":{"rendered":"https:\/\/www.noticiasperfil.com\/index\/?p=101345"},"modified":"2023-07-13T20:08:09","modified_gmt":"2023-07-14T01:08:09","slug":"desde-catemaco-sheinbaum-apuesta-por-la-continuidad-de-la-4t","status":"publish","type":"post","link":"https:\/\/www.noticiasperfil.com\/index\/2023\/07\/13\/desde-catemaco-sheinbaum-apuesta-por-la-continuidad-de-la-4t\/","title":{"rendered":"Desde Catemaco, Sheinbaum apuesta por la continuidad de la 4T"},"content":{"rendered":"<p><img loading=\"lazy\" decoding=\"async\" class=\"aligncenter size-medium wp-image-101346\" src=\"https:\/\/i2.wp.com\/www.noticiasperfil.com\/index\/wp-content\/uploads\/2023\/07\/claudia-sheinbaum-660x365.jpg?resize=640%2C354&#038;ssl=1\" alt=\"\" width=\"640\" height=\"354\" data-recalc-dims=\"1\" \/><\/p>\n<ul>\n<li><strong><em>La aspirante Morenista asegur\u00f3 que el pr\u00f3ximo a\u00f1o lo m\u00e1s importante es el proyecto y la unidad.<\/em> <\/strong><\/li>\n<\/ul>\n<p>Catemaco, Ver.- \u2019Mientras del lado opositor hay miedo y oscuridad, en la Cuarta Transformaci\u00f3n hay esperanza y amor a M\u00e9xico\u2019\u2019, resalt\u00f3 Claudia Sheinbaum Pardo durante su visita al estado de Veracruz, donde manifest\u00f3 que lo m\u00e1s importante es el proyecto de naci\u00f3n para dar continuidad al legado del presidente Andr\u00e9s Manuel L\u00f3pez Obrador.<\/p>\n<p>\u201cDel otro lado hay miedo, hay oscuridad y del lado de la transformaci\u00f3n hay esperanza y amor para el pueblo de M\u00e9xico, esa es la gran diferencia\u201d, manifest\u00f3 en la asamblea informativa que se realiz\u00f3 en el municipio de Catemaco.<\/p>\n<p>Exhibi\u00f3 que del lado de la oposici\u00f3n existen personajes como Vicente Fox, Felipe Calder\u00f3n, Claudio X Gonz\u00e1lez quienes representan un paso atr\u00e1s para M\u00e9xico, pues expuso que incluso en proceso interno actual se evidencian las pr\u00e1cticas fraudulentas como las ocurridas en la elecci\u00f3n de 2006.<\/p>\n<p>\u201cDel otro lado ya se organizaron en un Frente, yo le llamo Frente C\u00ednico porque hay mucho cinismo del otro lado. Ayer abrieron una plataforma para que recogieran las firmas de qui\u00e9n se iba a escribir en el lado opositor, pues resulta que no funciona. En el fraude del 2006 hab\u00eda una persona que coordinaba el IFE, Carlos Ugalde, y varios consejeros, pues \u00e9l le est\u00e1 coordinando todo el proceso al Frente Opositor, si \u00e9l organiza todo c\u00f3mo no se les iba a caer el sistema para hacer las firmas\u201d.<\/p>\n<p>Por lo anterior, sostuvo la importancia de dar continuidad a la Cuarta Transformaci\u00f3n para salvaguardar los derechos de las y los mexicanos. \u201cDel otro lado luchan por mercanc\u00edas, nosotros luchamos por derechos, nosotros creemos en el derecho a la educaci\u00f3n, en el derecho a la salud, en el derecho a la vivienda, en el derecho al espacio p\u00fablico\u201d.<\/p>\n<p><img loading=\"lazy\" decoding=\"async\" class=\"aligncenter size-medium wp-image-101347\" src=\"https:\/\/i2.wp.com\/www.noticiasperfil.com\/index\/wp-content\/uploads\/2023\/07\/claudia-sheinbaum-1-660x365.jpg?resize=640%2C354&#038;ssl=1\" alt=\"\" width=\"640\" height=\"354\" data-recalc-dims=\"1\" \/><\/p>\n<p>En ese sentido, record\u00f3 que uno de los principios b\u00e1sicos de la 4T es \u201cprimero los pobres\u201d y acabar con los privilegios de los gobernantes, por eso insisti\u00f3 en que todos los funcionarios p\u00fablicos vivan la justa median\u00eda.<\/p>\n<p>\u201cNo va a haber de nuevo grandes funcionarios que tengan altos salarios porque hay que vivir en la justa median\u00eda y hay que garantizar que la Suprema Corte de Justicia no gane los salarios que est\u00e1n ganando ahora, sino que cumplan con la Constituci\u00f3n de la Rep\u00fablica: que no se puede ganar m\u00e1s que el presidente de la Rep\u00fablica\u201d.<\/p>\n<p>Entre los grandes derechos que defiende la Transformaci\u00f3n, para vivir en una sociedad justas tambi\u00e9n se\u00f1al\u00f3 la igualdad sustantiva, pues \u201ces tiempo de mujeres\u201d y la 4T ha sido aliada en esta lucha, pues por primera vez hay un gabinete paritario, adem\u00e1s de que hay mujeres que ocupan puestos clave como la Secretar\u00eda de Gobernaci\u00f3n, la Secretar\u00eda de Seguridad P\u00fablica, el Banco de M\u00e9xico o la veracruzana Roc\u00edo Nahle Garc\u00eda, que es secretaria de Econom\u00eda y est\u00e1 a cargo de proyectos como la Refiner\u00eda de Dos Bocas.<\/p>\n<p>\u201cEl M\u00e9xico donde las mujeres no ten\u00edamos derechos tambi\u00e9n est\u00e1 quedando en el pasado\u201d y agreg\u00f3 que hoy una mujer puede ser abogada, astronauta, doctora, gobernadora y presidenta de la Rep\u00fablica\u2019\u2019.<\/p>\n<p>Por otra parte, record\u00f3 que como jefa de Gobierno de la Ciudad de M\u00e9xico impuls\u00f3 la educaci\u00f3n p\u00fablica gratuita con dos universidades p\u00fablicas nuevas, los servicios de salud y la movilidad sustentable con obras como el Cableb\u00fas, por lo que dar continuidad a la Cuarta Transformaci\u00f3n, por lo que dar continuidad de la 4T tambi\u00e9n significa llevar estos proyectos a todo el pa\u00eds.<\/p>\n<p><img loading=\"lazy\" decoding=\"async\" class=\"aligncenter size-medium wp-image-101348\" src=\"https:\/\/i2.wp.com\/www.noticiasperfil.com\/index\/wp-content\/uploads\/2023\/07\/claudia-sheinbaum-2-660x365.jpg?resize=640%2C354&#038;ssl=1\" alt=\"\" width=\"640\" height=\"354\" data-recalc-dims=\"1\" \/><\/p>\n<p>\u201cLa continuidad de la Cuarta Transformaci\u00f3n significa que, si eso hicimos en la ciudad, eso haremos en todo el pa\u00eds, a crear m\u00e1s universidades para que todos los j\u00f3venes tengan el derecho a la educaci\u00f3n\u201d.<\/p>\n<p>Por ello, asegur\u00f3 que el pr\u00f3ximo a\u00f1o lo m\u00e1s importante es el proyecto y la unidad. \u201cDe los seis que estamos participando, hay que decir que lo que m\u00e1s necesitamos es unidad entre nosotros porque lo m\u00e1s importante es el proyecto, el debate no est\u00e1 entre nosotros, el debate est\u00e1 con la oposici\u00f3n, con lo que representa ese proyecto porque el pr\u00f3ximo a\u00f1o, m\u00e1s all\u00e1 de qui\u00e9n participe del otro lado, lo que se va a definir es el proyecto de naci\u00f3n, si contin\u00faa la Cuarta Transformaci\u00f3n de la vida p\u00fablica o si damos marcha atr\u00e1s\u201d.<\/p>\n<p>Finalmente, hizo un recuento de los logros que se obtuvo en lo que va del gobierno de Andr\u00e9s Manuel L\u00f3pez Obrador, entre los que destac\u00f3 la pensi\u00f3n a adultos mayores, las becas para estudiantes de escasos recursos y obras de infraestructura, entre las que destac\u00f3 el Tren Trans\u00edsimico que va de Salina Cruz a Coatzacoalcos y que ser\u00e1 un puente de conectividad para el estado de Veracruz.<\/p>\n","protected":false},"excerpt":{"rendered":"<p>La aspirante Morenista asegur\u00f3 que el pr\u00f3ximo a\u00f1o lo m\u00e1s importante es el proyecto y la unidad. Catemaco, Ver.- \u2019Mientras del lado opositor hay miedo y oscuridad, en la Cuarta Transformaci\u00f3n hay esperanza y amor a M\u00e9xico\u2019\u2019, resalt\u00f3 Claudia Sheinbaum Pardo durante su visita al estado de Veracruz, donde manifest\u00f3 que lo m\u00e1s importante es el proyecto de naci\u00f3n para dar continuidad al legado del presidente Andr\u00e9s Manuel L\u00f3pez Obrador. \u201cDel otro lado hay miedo, hay oscuridad y del lado de la transformaci\u00f3n hay esperanza y amor para el pueblo&hellip;<\/p>\n","protected":false},"author":1,"featured_media":0,"comment_status":"open","ping_status":"closed","sticky":false,"template":"","format":"standard","meta":{"footnotes":""},"categories":[3,6],"tags":[10237],"class_list":["post-101345","post","type-post","status-publish","format-standard","hentry","category-destacadas","category-zona-tuxtlas","tag-clauida-sheinbaum-pardo"],"jetpack-related-posts":[],"_links":{"self":[{"href":"https:\/\/www.noticiasperfil.com\/index\/wp-json\/wp\/v2\/posts\/101345","targetHints":{"allow":["GET"]}}],"collection":[{"href":"https:\/\/www.noticiasperfil.com\/index\/wp-json\/wp\/v2\/posts"}],"about":[{"href":"https:\/\/www.noticiasperfil.com\/index\/wp-json\/wp\/v2\/types\/post"}],"author":[{"embeddable":true,"href":"https:\/\/www.noticiasperfil.com\/index\/wp-json\/wp\/v2\/users\/1"}],"replies":[{"embeddable":true,"href":"https:\/\/www.noticiasperfil.com\/index\/wp-json\/wp\/v2\/comments?post=101345"}],"version-history":[{"count":1,"href":"https:\/\/www.noticiasperfil.com\/index\/wp-json\/wp\/v2\/posts\/101345\/revisions"}],"predecessor-version":[{"id":101349,"href":"https:\/\/www.noticiasperfil.com\/index\/wp-json\/wp\/v2\/posts\/101345\/revisions\/101349"}],"wp:attachment":[{"href":"https:\/\/www.noticiasperfil.com\/index\/wp-json\/wp\/v2\/media?parent=101345"}],"wp:term":[{"taxonomy":"category","embeddable":true,"href":"https:\/\/www.noticiasperfil.com\/index\/wp-json\/wp\/v2\/categories?post=101345"},{"taxonomy":"post_tag","embeddable":true,"href":"https:\/\/www.noticiasperfil.com\/index\/wp-json\/wp\/v2\/tags?post=101345"}],"curies":[{"name":"wp","href":"https:\/\/api.w.org\/{rel}","templated":true}]}}