{"id":101350,"date":"2023-07-13T21:32:07","date_gmt":"2023-07-14T02:32:07","guid":{"rendered":"https:\/\/www.noticiasperfil.com\/index\/?p=101350"},"modified":"2023-07-13T21:32:07","modified_gmt":"2023-07-14T02:32:07","slug":"catemaco-esta-con-sheinbaum-fararoni","status":"publish","type":"post","link":"https:\/\/www.noticiasperfil.com\/index\/2023\/07\/13\/catemaco-esta-con-sheinbaum-fararoni\/","title":{"rendered":"Catemaco est\u00e1 con Sheinbaum: Fararoni"},"content":{"rendered":"<p><img loading=\"lazy\" decoding=\"async\" class=\"aligncenter size-medium wp-image-101351\" src=\"https:\/\/i0.wp.com\/www.noticiasperfil.com\/index\/wp-content\/uploads\/2023\/07\/fararoni-sheinbaum-660x365.jpg?resize=640%2C354&#038;ssl=1\" alt=\"\" width=\"640\" height=\"354\" data-recalc-dims=\"1\" \/><\/p>\n<ul>\n<li><em><strong>La exjefa de Gobierno visit\u00f3 Los Tuxtlas como parte de su gira en busca de la candidatura presidencial.<\/strong><\/em><\/li>\n<li><em><strong>Es tiempo de las mujeres, se\u00f1al\u00f3 el legislador.<\/strong><\/em><\/li>\n<\/ul>\n<p>Catemaco, Ver.- \u201cClaudia Sheinbaum tiene las cualidades que se necesitan para dar continuidad al proyecto de naci\u00f3n del presidente Andr\u00e9s Manuel L\u00f3pez Obrador\u201d, manifest\u00f3 el diputado local, Rafa Fararoni Maga\u00f1a.<\/p>\n<p>Este jueves, desde Catemaco, alrededor de 10 mil personas se reunieron para escuchar a la \u00fanica \u201ccorcholata\u201d mujer de Morena que busca la sucesi\u00f3n presidencial en M\u00e9xico.<\/p>\n<p>En el lugar m\u00e1s m\u00e1gico del mundo, rodeado de misticismo y cultura, Claudia Sheinbaum se present\u00f3 ante mujeres y hombres de la zona para dar a conocer sus ideales de naci\u00f3n, que si bien ha dicho no son copia fiel del m\u00e1ximo l\u00edder morenista, s\u00ed est\u00e1n basados en los principios del movimiento.<\/p>\n<p>Fararoni Maga\u00f1a, celebr\u00f3 que la exjefa de Gobierno haya decidido incluir en sus giras al Distrito XXV, donde fue muy bien recibida por la gente, \u201caqu\u00ed la vamos a seguir esperando las veces que quiera venir, con todo el entusiasmo la apoyamos porque creemos que es la mejor opci\u00f3n para defender el proyecto de naci\u00f3n\u201d.<\/p>\n<p>El legislador a\u00f1adi\u00f3 que, Sheinbaum Pardo es una mujer fuerte, ejemplo de trabajo y lucha en la defensa de la Cuarta Transformaci\u00f3n, por ello es indudable que desempe\u00f1ar\u00eda un gran papel, primero abanderando al partido como defensora del movimiento y posteriormente al frente de la silla presidencial.<\/p>\n<p>Al campo deportivo \u201cEl Rodeo\u201d asistieron legisladoras y legisladores federales, locales, simpatizantes adem\u00e1s de militantes de la Cuarta Transformaci\u00f3n y p\u00fablico en general interesados en conocer y escuchar a la \u201ccorcholata\u201d mujer rumbo al 2024.<\/p>\n","protected":false},"excerpt":{"rendered":"<p>La exjefa de Gobierno visit\u00f3 Los Tuxtlas como parte de su gira en busca de la candidatura presidencial. Es tiempo de las mujeres, se\u00f1al\u00f3 el legislador. Catemaco, Ver.- \u201cClaudia Sheinbaum tiene las cualidades que se necesitan para dar continuidad al proyecto de naci\u00f3n del presidente Andr\u00e9s Manuel L\u00f3pez Obrador\u201d, manifest\u00f3 el diputado local, Rafa Fararoni Maga\u00f1a. Este jueves, desde Catemaco, alrededor de 10 mil personas se reunieron para escuchar a la \u00fanica \u201ccorcholata\u201d mujer de Morena que busca la sucesi\u00f3n presidencial en M\u00e9xico. En el lugar m\u00e1s m\u00e1gico del mundo,&hellip;<\/p>\n","protected":false},"author":1,"featured_media":0,"comment_status":"open","ping_status":"closed","sticky":false,"template":"","format":"standard","meta":{"footnotes":""},"categories":[3,6],"tags":[10172,6264],"class_list":["post-101350","post","type-post","status-publish","format-standard","hentry","category-destacadas","category-zona-tuxtlas","tag-claudia-sheinbaum-pardo","tag-rafael-fararoni-magana"],"jetpack-related-posts":[],"_links":{"self":[{"href":"https:\/\/www.noticiasperfil.com\/index\/wp-json\/wp\/v2\/posts\/101350","targetHints":{"allow":["GET"]}}],"collection":[{"href":"https:\/\/www.noticiasperfil.com\/index\/wp-json\/wp\/v2\/posts"}],"about":[{"href":"https:\/\/www.noticiasperfil.com\/index\/wp-json\/wp\/v2\/types\/post"}],"author":[{"embeddable":true,"href":"https:\/\/www.noticiasperfil.com\/index\/wp-json\/wp\/v2\/users\/1"}],"replies":[{"embeddable":true,"href":"https:\/\/www.noticiasperfil.com\/index\/wp-json\/wp\/v2\/comments?post=101350"}],"version-history":[{"count":1,"href":"https:\/\/www.noticiasperfil.com\/index\/wp-json\/wp\/v2\/posts\/101350\/revisions"}],"predecessor-version":[{"id":101352,"href":"https:\/\/www.noticiasperfil.com\/index\/wp-json\/wp\/v2\/posts\/101350\/revisions\/101352"}],"wp:attachment":[{"href":"https:\/\/www.noticiasperfil.com\/index\/wp-json\/wp\/v2\/media?parent=101350"}],"wp:term":[{"taxonomy":"category","embeddable":true,"href":"https:\/\/www.noticiasperfil.com\/index\/wp-json\/wp\/v2\/categories?post=101350"},{"taxonomy":"post_tag","embeddable":true,"href":"https:\/\/www.noticiasperfil.com\/index\/wp-json\/wp\/v2\/tags?post=101350"}],"curies":[{"name":"wp","href":"https:\/\/api.w.org\/{rel}","templated":true}]}}