{"id":101354,"date":"2023-07-14T16:20:57","date_gmt":"2023-07-14T21:20:57","guid":{"rendered":"https:\/\/www.noticiasperfil.com\/index\/?p=101354"},"modified":"2023-07-14T16:20:57","modified_gmt":"2023-07-14T21:20:57","slug":"asiste-alcaldesa-de-san-andres-a-la-1ra-sesion-ordinaria-de-la-conferencia-estatal-de-seguridad-publica-municipal-2023","status":"publish","type":"post","link":"https:\/\/www.noticiasperfil.com\/index\/2023\/07\/14\/asiste-alcaldesa-de-san-andres-a-la-1ra-sesion-ordinaria-de-la-conferencia-estatal-de-seguridad-publica-municipal-2023\/","title":{"rendered":"Asiste alcaldesa de San Andr\u00e9s a la 1ra. Sesi\u00f3n Ordinaria de la Conferencia Estatal de Seguridad P\u00fablica Municipal 2023"},"content":{"rendered":"<p><img loading=\"lazy\" decoding=\"async\" class=\"aligncenter size-medium wp-image-101355\" src=\"https:\/\/i0.wp.com\/www.noticiasperfil.com\/index\/wp-content\/uploads\/2023\/07\/solana-seguridad-01-660x365.jpg?resize=640%2C354&#038;ssl=1\" alt=\"\" width=\"640\" height=\"354\" data-recalc-dims=\"1\" \/><\/p>\n<p><em><strong>\u2022 Se re\u00fanen autoridades del Gobierno Estatal, Seguridad P\u00fablica del Estado y autoridades municipales para fortalecer la estrategia de seguridad en toda la entidad.<\/strong><\/em><\/p>\n<p>San Andr\u00e9s Tuxtla.- Atendiendo la instrucci\u00f3n del gobernador Cuitl\u00e1huac Garc\u00eda Jim\u00e9nez, para avanzar en temas de seguridad y prevenci\u00f3n en todos los municipios del Estado de Veracruz, este viernes la Presidenta Municipal de San Andr\u00e9s Tuxtla, la Dra Maria Elena Solana Calzada &#8211; Dra Remedios, acudi\u00f3 a la Primera Sesi\u00f3n Ordinaria de la Conferencia Estatal de Seguridad P\u00fablica Municipal 2023, realizada el World Trade Center de Boca del R\u00edo.<\/p>\n<p><img loading=\"lazy\" decoding=\"async\" class=\"aligncenter size-medium wp-image-101356\" src=\"https:\/\/i2.wp.com\/www.noticiasperfil.com\/index\/wp-content\/uploads\/2023\/07\/solana-seguridad-02-660x365.jpg?resize=640%2C354&#038;ssl=1\" alt=\"\" width=\"640\" height=\"354\" data-recalc-dims=\"1\" \/><\/p>\n<p>La alcaldesa sanandrescana aprovech\u00f3 la ocasi\u00f3n para saludar al Secretario de de Gobierno Eric Cisneros Burgos y al Secretario de Seguridad P\u00fablica del Estado, el Capit\u00e1n de Nav\u00edo I.M.P. Cuauhtemoc Zu\u00f1iga Bonilla, con quien dialog\u00f3 brevemente sobre temas de seguridad en el municipio y el estado.<\/p>\n<p><img loading=\"lazy\" decoding=\"async\" class=\"aligncenter size-medium wp-image-101357\" src=\"https:\/\/i1.wp.com\/www.noticiasperfil.com\/index\/wp-content\/uploads\/2023\/07\/solana-seguridad-03-660x365.jpg?resize=640%2C354&#038;ssl=1\" alt=\"\" width=\"640\" height=\"354\" data-recalc-dims=\"1\" \/><\/p>\n<p>En el evento estuvieron presentes representantes de las Coordinaciones de Vinculaci\u00f3n con Consejos Municipales de Seguridad P\u00fablica y Comit\u00e9s de Participaci\u00f3n Ciudadana, del Servicio Policial de Carrera y Supervisi\u00f3n y de la Academia Regional de Seguridad P\u00fablica con autoridades municipales de distintos puntos de la entidad veracruzana.<\/p>\n<p><img loading=\"lazy\" decoding=\"async\" class=\"aligncenter size-medium wp-image-101358\" src=\"https:\/\/i1.wp.com\/www.noticiasperfil.com\/index\/wp-content\/uploads\/2023\/07\/solana-seguridad-04-660x365.jpg?resize=640%2C354&#038;ssl=1\" alt=\"\" width=\"640\" height=\"354\" data-recalc-dims=\"1\" \/><\/p>\n<p>En esta conferencia se dieron a conocer los avances en materia de seguridad estatal y se dio el seguimiento a los acuerdos establecidos con los tres \u00f3rganos de gobierno para dise\u00f1ar estrategias que permitan trabajar de manera coordinada a nivel municipal.<\/p>\n<p><img loading=\"lazy\" decoding=\"async\" class=\"aligncenter size-medium wp-image-101359\" src=\"https:\/\/i1.wp.com\/www.noticiasperfil.com\/index\/wp-content\/uploads\/2023\/07\/solana-seguridad-05-660x365.jpg?resize=640%2C354&#038;ssl=1\" alt=\"\" width=\"640\" height=\"354\" data-recalc-dims=\"1\" \/><\/p>\n<p>Con estas acciones en el Gobierno y la Secretar\u00eda de Seguridad P\u00fablica del Estado, se trabaja bajo los principios de la cuarta transformaci\u00f3n, recorriendo todo el territorio veracruzano.<\/p>\n","protected":false},"excerpt":{"rendered":"<p>\u2022 Se re\u00fanen autoridades del Gobierno Estatal, Seguridad P\u00fablica del Estado y autoridades municipales para fortalecer la estrategia de seguridad en toda la entidad. San Andr\u00e9s Tuxtla.- Atendiendo la instrucci\u00f3n del gobernador Cuitl\u00e1huac Garc\u00eda Jim\u00e9nez, para avanzar en temas de seguridad y prevenci\u00f3n en todos los municipios del Estado de Veracruz, este viernes la Presidenta Municipal de San Andr\u00e9s Tuxtla, la Dra Maria Elena Solana Calzada &#8211; Dra Remedios, acudi\u00f3 a la Primera Sesi\u00f3n Ordinaria de la Conferencia Estatal de Seguridad P\u00fablica Municipal 2023, realizada el World Trade Center de&hellip;<\/p>\n","protected":false},"author":1,"featured_media":0,"comment_status":"open","ping_status":"closed","sticky":false,"template":"","format":"standard","meta":{"footnotes":""},"categories":[3,12],"tags":[7966],"class_list":["post-101354","post","type-post","status-publish","format-standard","hentry","category-destacadas","category-san-andres-tuxtla","tag-maria-elena-solana-calzada"],"jetpack-related-posts":[],"_links":{"self":[{"href":"https:\/\/www.noticiasperfil.com\/index\/wp-json\/wp\/v2\/posts\/101354","targetHints":{"allow":["GET"]}}],"collection":[{"href":"https:\/\/www.noticiasperfil.com\/index\/wp-json\/wp\/v2\/posts"}],"about":[{"href":"https:\/\/www.noticiasperfil.com\/index\/wp-json\/wp\/v2\/types\/post"}],"author":[{"embeddable":true,"href":"https:\/\/www.noticiasperfil.com\/index\/wp-json\/wp\/v2\/users\/1"}],"replies":[{"embeddable":true,"href":"https:\/\/www.noticiasperfil.com\/index\/wp-json\/wp\/v2\/comments?post=101354"}],"version-history":[{"count":1,"href":"https:\/\/www.noticiasperfil.com\/index\/wp-json\/wp\/v2\/posts\/101354\/revisions"}],"predecessor-version":[{"id":101360,"href":"https:\/\/www.noticiasperfil.com\/index\/wp-json\/wp\/v2\/posts\/101354\/revisions\/101360"}],"wp:attachment":[{"href":"https:\/\/www.noticiasperfil.com\/index\/wp-json\/wp\/v2\/media?parent=101354"}],"wp:term":[{"taxonomy":"category","embeddable":true,"href":"https:\/\/www.noticiasperfil.com\/index\/wp-json\/wp\/v2\/categories?post=101354"},{"taxonomy":"post_tag","embeddable":true,"href":"https:\/\/www.noticiasperfil.com\/index\/wp-json\/wp\/v2\/tags?post=101354"}],"curies":[{"name":"wp","href":"https:\/\/api.w.org\/{rel}","templated":true}]}}