{"id":101880,"date":"2023-08-12T13:27:00","date_gmt":"2023-08-12T18:27:00","guid":{"rendered":"https:\/\/www.noticiasperfil.com\/index\/?p=101880"},"modified":"2023-08-12T13:27:00","modified_gmt":"2023-08-12T18:27:00","slug":"presentan-la-cuarta-muestra-del-festival-del-globo-de-papel-en-san-andres-tuxtla","status":"publish","type":"post","link":"https:\/\/www.noticiasperfil.com\/index\/2023\/08\/12\/presentan-la-cuarta-muestra-del-festival-del-globo-de-papel-en-san-andres-tuxtla\/","title":{"rendered":"Presentan la Cuarta Muestra del Festival del Globo de Papel en San Andr\u00e9s Tuxtla"},"content":{"rendered":"<p><img loading=\"lazy\" decoding=\"async\" class=\"aligncenter size-medium wp-image-101881\" src=\"https:\/\/i2.wp.com\/www.noticiasperfil.com\/index\/wp-content\/uploads\/2023\/08\/globos-sat-01-660x365.jpg?resize=640%2C354&#038;ssl=1\" alt=\"\" width=\"640\" height=\"354\" data-recalc-dims=\"1\" \/><\/p>\n<p><em><strong>\u2022 En el marco de esta muestra se inaugur\u00f3 la semana de la juventud con la instalaci\u00f3n del Bazar de Emprendedores organizado por el Instituto Municipal de la Juventud.<\/strong><\/em><\/p>\n<p>San Andr\u00e9s Tuxtla, Ver.- En el marco de la cuarta muestra del Festival Internacional del Globo de Papel 2023, la noche de este viernes se present\u00f3 para deleite de la ciudadan\u00eda una gala art\u00edstica y cultural con la exposici\u00f3n de globos de los distintos grupos de artesanos locales que participar\u00e1n del 14 al 16 de septiembre en el espect\u00e1culo de tradici\u00f3n y cultura que representa este festival internacional.<\/p>\n\n<p>Coincidiendo con este evento, respaldado por la Presidenta Municipal, la doctora Mar\u00eda Elena Solana Calzada y el Presidente del DIF Municipal, el ingeniero Felipe Rubio Solana, tambi\u00e9n tuvo lugar la inauguraci\u00f3n de la Semana de las Juventudes, que con motivo del D\u00eda Internacional de la Juventud, inici\u00f3 este 11 de agosto con la instalaci\u00f3n del bazar emprendedor, coordinado por la Directora del Instituto Municipal de la Juventud, Claudia L\u00e1zaro Constantino.<\/p>\n\n<p>En representaci\u00f3n de las autoridades municipales, estuvo el Director de Turismo Municipal, el ingeniero Rogelio Salvador Hern\u00e1ndez Villegas Hern\u00e1ndez, mientras que a cargo del programa cultural, la conducci\u00f3n corri\u00f3 a cargo del licenciado Julio Segura Samano.<\/p>\n\n<p>Con esta muestra se sigue promocionando el evento que est\u00e1 a poco m\u00e1s de un mes de realizarse, poniendo en alto la cultura de Los Tuxtlas con sus monumentales dirigibles de papel que llenar\u00e1n con su colorido los cielos sanandrescanos.<\/p>\n","protected":false},"excerpt":{"rendered":"<p>\u2022 En el marco de esta muestra se inaugur\u00f3 la semana de la juventud con la instalaci\u00f3n del Bazar de Emprendedores organizado por el Instituto Municipal de la Juventud. San Andr\u00e9s Tuxtla, Ver.- En el marco de la cuarta muestra del Festival Internacional del Globo de Papel 2023, la noche de este viernes se present\u00f3 para deleite de la ciudadan\u00eda una gala art\u00edstica y cultural con la exposici\u00f3n de globos de los distintos grupos de artesanos locales que participar\u00e1n del 14 al 16 de septiembre en el espect\u00e1culo de tradici\u00f3n&hellip;<\/p>\n","protected":false},"author":1,"featured_media":0,"comment_status":"open","ping_status":"closed","sticky":false,"template":"","format":"standard","meta":{"footnotes":""},"categories":[3,12],"tags":[5019],"class_list":["post-101880","post","type-post","status-publish","format-standard","hentry","category-destacadas","category-san-andres-tuxtla","tag-globos-san-andres-tuxtla"],"jetpack-related-posts":[],"_links":{"self":[{"href":"https:\/\/www.noticiasperfil.com\/index\/wp-json\/wp\/v2\/posts\/101880","targetHints":{"allow":["GET"]}}],"collection":[{"href":"https:\/\/www.noticiasperfil.com\/index\/wp-json\/wp\/v2\/posts"}],"about":[{"href":"https:\/\/www.noticiasperfil.com\/index\/wp-json\/wp\/v2\/types\/post"}],"author":[{"embeddable":true,"href":"https:\/\/www.noticiasperfil.com\/index\/wp-json\/wp\/v2\/users\/1"}],"replies":[{"embeddable":true,"href":"https:\/\/www.noticiasperfil.com\/index\/wp-json\/wp\/v2\/comments?post=101880"}],"version-history":[{"count":1,"href":"https:\/\/www.noticiasperfil.com\/index\/wp-json\/wp\/v2\/posts\/101880\/revisions"}],"predecessor-version":[{"id":101891,"href":"https:\/\/www.noticiasperfil.com\/index\/wp-json\/wp\/v2\/posts\/101880\/revisions\/101891"}],"wp:attachment":[{"href":"https:\/\/www.noticiasperfil.com\/index\/wp-json\/wp\/v2\/media?parent=101880"}],"wp:term":[{"taxonomy":"category","embeddable":true,"href":"https:\/\/www.noticiasperfil.com\/index\/wp-json\/wp\/v2\/categories?post=101880"},{"taxonomy":"post_tag","embeddable":true,"href":"https:\/\/www.noticiasperfil.com\/index\/wp-json\/wp\/v2\/tags?post=101880"}],"curies":[{"name":"wp","href":"https:\/\/api.w.org\/{rel}","templated":true}]}}