{"id":101897,"date":"2023-08-14T12:21:30","date_gmt":"2023-08-14T17:21:30","guid":{"rendered":"https:\/\/www.noticiasperfil.com\/index\/?p=101897"},"modified":"2023-08-14T12:21:30","modified_gmt":"2023-08-14T17:21:30","slug":"concluye-amlo-supervision-de-proyectos-en-el-istmo-presenta-primera-locomotora-del-tren-interoceanico","status":"publish","type":"post","link":"https:\/\/www.noticiasperfil.com\/index\/2023\/08\/14\/concluye-amlo-supervision-de-proyectos-en-el-istmo-presenta-primera-locomotora-del-tren-interoceanico\/","title":{"rendered":"Concluye AMLO supervisi\u00f3n de proyectos en el Istmo; presenta primera locomotora del Tren Interoce\u00e1nico"},"content":{"rendered":"<p><img loading=\"lazy\" decoding=\"async\" class=\"aligncenter size-medium wp-image-101898\" src=\"https:\/\/i2.wp.com\/www.noticiasperfil.com\/index\/wp-content\/uploads\/2023\/08\/amlo-tren-660x365.jpg?resize=640%2C354&#038;ssl=1\" alt=\"\" width=\"640\" height=\"354\" data-recalc-dims=\"1\" \/><\/p>\n<p>Ciudad de M\u00e9xico.- El presidente Andr\u00e9s Manuel L\u00f3pez Obrador concluy\u00f3 en Veracruz la gira de supervisi\u00f3n de proyectos del Corredor Interoce\u00e1nico del Istmo de Tehuantepec.<\/p>\n<p>En sus redes sociales inform\u00f3 que este domingo lo dedic\u00f3 a constatar avances de los 10 polos de desarrollo y de la v\u00eda f\u00e9rrea que va a Palenque, al igual que lo hizo el viernes, en el tramo de Tapachula a Ixtepec, y el s\u00e1bado, de Salina Cruz a Coatzacoalcos.<\/p>\n<p>\u00abEl viernes supervisamos la l\u00ednea f\u00e9rrea de Tapachula a Ixtepec. Ayer, la de Salina Cruz a Coatzacoalcos; hoy evaluamos la que va a Palenque y el avance de los 10 polos de desarrollo. Nos presentaron la primera locomotora del Tren Interoce\u00e1nico, cuyo emblema son cuatro mujeres con\u2026 pic.twitter.com\/GNIoyBCnSk<\/p>\n<p>\u2014 Andr\u00e9s Manuel (@lopezobrador_) August 13, 2023\u00bb<\/p>\n<p>En la publicaci\u00f3n tambi\u00e9n destac\u00f3 que conoci\u00f3 la primera locomotora del Tren Interoce\u00e1nico, que tendr\u00e1 como emblema a cuatro mujeres vestidas con trajes regionales de Oaxaca, Veracruz, Chiapas y Tabasco.<\/p>\n<p>El mandatario estuvo acompa\u00f1ado por el gobernador de Veracruz, Cuitl\u00e1huac Garc\u00eda Jim\u00e9nez; las secretarias de Gobernaci\u00f3n, Luisa Mar\u00eda Alcalde Luj\u00e1n; de Energ\u00eda, Roc\u00edo Nahle Garc\u00eda y de Econom\u00eda, Raquel Buenrostro S\u00e1nchez; los secretarios de Marina, Jos\u00e9 Rafael Ojeda Dur\u00e1n y de Infraestructura, Comunicaciones y Transportes, Jorge Nu\u00f1o Lara; los directores generales de la CFE, Manuel Bartlett D\u00edaz; de Pemex, Octavio Romero Oropeza; del Corredor Interoce\u00e1nico del Istmo de Tehuantepec, Raymundo Pedro Morales \u00c1ngeles Director General del Centro Nacional y de Control del Gas Natural (CENAGAS), Abraham David Alipi Mena; la subsecretaria de Ordenamiento Territorial y Agrario de la Secretar\u00eda de Desarrollo Agrario, Territorial y Urbano, Edna Vega Rangel y el subsecretario de Egresos de la Secretar\u00eda de Hacienda y Cr\u00e9dito P\u00fablico, Juan Pablo de Botton Falc\u00f3n; as\u00ed como representantes del sector privado.<\/p>\n","protected":false},"excerpt":{"rendered":"<p>Ciudad de M\u00e9xico.- El presidente Andr\u00e9s Manuel L\u00f3pez Obrador concluy\u00f3 en Veracruz la gira de supervisi\u00f3n de proyectos del Corredor Interoce\u00e1nico del Istmo de Tehuantepec. En sus redes sociales inform\u00f3 que este domingo lo dedic\u00f3 a constatar avances de los 10 polos de desarrollo y de la v\u00eda f\u00e9rrea que va a Palenque, al igual que lo hizo el viernes, en el tramo de Tapachula a Ixtepec, y el s\u00e1bado, de Salina Cruz a Coatzacoalcos. \u00abEl viernes supervisamos la l\u00ednea f\u00e9rrea de Tapachula a Ixtepec. Ayer, la de Salina Cruz&hellip;<\/p>\n","protected":false},"author":1,"featured_media":0,"comment_status":"open","ping_status":"closed","sticky":false,"template":"","format":"standard","meta":{"footnotes":""},"categories":[3,7],"tags":[86,5126],"class_list":["post-101897","post","type-post","status-publish","format-standard","hentry","category-destacadas","category-nacional","tag-andres-manuel-lopez-obrador","tag-tren-maya"],"jetpack-related-posts":[],"_links":{"self":[{"href":"https:\/\/www.noticiasperfil.com\/index\/wp-json\/wp\/v2\/posts\/101897","targetHints":{"allow":["GET"]}}],"collection":[{"href":"https:\/\/www.noticiasperfil.com\/index\/wp-json\/wp\/v2\/posts"}],"about":[{"href":"https:\/\/www.noticiasperfil.com\/index\/wp-json\/wp\/v2\/types\/post"}],"author":[{"embeddable":true,"href":"https:\/\/www.noticiasperfil.com\/index\/wp-json\/wp\/v2\/users\/1"}],"replies":[{"embeddable":true,"href":"https:\/\/www.noticiasperfil.com\/index\/wp-json\/wp\/v2\/comments?post=101897"}],"version-history":[{"count":1,"href":"https:\/\/www.noticiasperfil.com\/index\/wp-json\/wp\/v2\/posts\/101897\/revisions"}],"predecessor-version":[{"id":101899,"href":"https:\/\/www.noticiasperfil.com\/index\/wp-json\/wp\/v2\/posts\/101897\/revisions\/101899"}],"wp:attachment":[{"href":"https:\/\/www.noticiasperfil.com\/index\/wp-json\/wp\/v2\/media?parent=101897"}],"wp:term":[{"taxonomy":"category","embeddable":true,"href":"https:\/\/www.noticiasperfil.com\/index\/wp-json\/wp\/v2\/categories?post=101897"},{"taxonomy":"post_tag","embeddable":true,"href":"https:\/\/www.noticiasperfil.com\/index\/wp-json\/wp\/v2\/tags?post=101897"}],"curies":[{"name":"wp","href":"https:\/\/api.w.org\/{rel}","templated":true}]}}