{"id":101902,"date":"2023-08-14T12:59:55","date_gmt":"2023-08-14T17:59:55","guid":{"rendered":"https:\/\/www.noticiasperfil.com\/index\/?p=101902"},"modified":"2026-02-06T20:42:11","modified_gmt":"2026-02-07T02:42:11","slug":"claudia-luis-donaldo-y-cazarin","status":"publish","type":"post","link":"https:\/\/www.noticiasperfil.com\/index\/2023\/08\/14\/claudia-luis-donaldo-y-cazarin\/","title":{"rendered":"Claudia, Luis Donaldo y Cazar\u00edn"},"content":{"rendered":"<p><img loading=\"lazy\" decoding=\"async\" class=\"aligncenter size-medium wp-image-74115\" src=\"https:\/\/i0.wp.com\/www.noticiasperfil.com\/index\/wp-content\/uploads\/2021\/04\/aqui-en-los-tuxtlas-300x169.jpg?resize=300%2C169&#038;ssl=1\" alt=\"\" width=\"300\" height=\"169\" data-recalc-dims=\"1\" \/><\/p>\n<p><strong>Aqu\u00ed en los Tuxtlas y en los Llanos\/Por V\u00edctor Calder\u00f3n Azamar.<\/strong><\/p>\n<p>Faltan pocos d\u00edas \u00a0de campa\u00f1a de las Corcholatas a la grande de Morena, y hasta este momento todo indica que Claudia Sheinbaum Pardo ser\u00e1 la candidata de Morena, salvo que exista alguna sorpresa con sabor a Cacao. Sin embargo, todo est\u00e1 a favor de la ex Jefa de Gobierno de la CDMX. Mientras tanto, en la oposici\u00f3n, se dice que\u00a0X\u00f3chitl G\u00e1lvez ir\u00e1 con el Frente Amplio por M\u00e9xico. Solamente falta el dictamen de Movimiento Ciudadano, quien con su retardada decisi\u00f3n, se est\u00e1 convirtiendo en la tercera opci\u00f3n electoral en M\u00e9xico.<\/p>\n<p>Como lo dec\u00edamos al inicio, serias encuestadoras siguen computando las mediciones electorales de Claudia Sheinbaum y sigue apareciendo en primer lugar entre las dem\u00e1s Corcholatas y ante estos resultados electorales, varios analistas pol\u00edticos desde hoy est\u00e1n opinando que para que esta futura contienda se ponga competitiva e interesante, se necesita que Dante Delgado Rannauro, l\u00edder nacional del Partido Movimiento Ciudadano, convenza a Luis Donaldo Colosio Riojas para que sea\u00a0Candidato a la Presidencia de la Rep\u00fablica en los procesos electorales del 2024, con lo cual ahora s\u00ed en verdad MC se transformar\u00eda en una tercera opci\u00f3n electoral a nivel nacional.<\/p>\n<p>El Alcalde de Monterrey, Luis Donaldo Colosio Riojas, es una de las caras frescas de la pol\u00edtica nacional, cuenta con una gran notoriedad entre los diferentes sectores de la sociedad y sobre todo un buen reconocimiento entre las nuevas generaciones y aunque su carrera es corta, hasta hoy tiene una imagen limpia.<\/p>\n<p>Aqu\u00ed en Veracruz, con Luis Donaldo Colosio Rioja, la clase pol\u00edtica Priista se dividir\u00eda. Los leales a la l\u00ednea roja respaldar\u00edan la candidatura del Frente Amplio, otros se inclinar\u00edan por Morena, por lo que se piensa que el voto del Tricolor se fragmentaria, aunque las encuestas se\u00f1alan que el reto\u00f1o del bien recordado ex Candidato Presidencial, Luis Donaldo Colosio Murrieta, jalar\u00eda al PRI de todo el pa\u00eds, para que en estos comicios el Tricolor no muera como partido y obtenga un digno lugar.<\/p>\n<p>En otro tema diremos que una de las decisiones m\u00e1s acertadas que ha tenido el Gobernador Cuitl\u00e1huac Garc\u00eda Jim\u00e9nez, es haber confiado en el Diputado Juan Javier G\u00f3mez Cazar\u00edn, quien le sali\u00f3 un sensible e ingenioso pol\u00edtico que ha logrado sacar adelante varias iniciativas del Congreso Estatal, las cuales no hab\u00edan podido resolver ante la falta de acuerdos y hoy,\u00a0gracias a la capacidad de conciliaci\u00f3n del oriundo de Hueyapan de Ocampo, el Congreso lleva rumbo, con lo cual Juan Javier G\u00f3mez, con todo y el fuego amigo que se est\u00e1 dando en el Gobierno Morenista, se convierte en un real operador pol\u00edtico del Gobierno de la Cuatro T de Veracruz.<\/p>\n<p>Y nos vemos en la otra.<\/p>\n","protected":false},"excerpt":{"rendered":"<p>Aqu\u00ed en los Tuxtlas y en los Llanos\/Por V\u00edctor Calder\u00f3n Azamar. Faltan pocos d\u00edas \u00a0de campa\u00f1a de las Corcholatas a la grande de Morena, y hasta este momento todo indica que Claudia Sheinbaum Pardo ser\u00e1 la candidata de Morena, salvo que exista alguna sorpresa con sabor a Cacao. Sin embargo, todo est\u00e1 a favor de la ex Jefa de Gobierno de la CDMX. Mientras tanto, en la oposici\u00f3n, se dice que\u00a0X\u00f3chitl G\u00e1lvez ir\u00e1 con el Frente Amplio por M\u00e9xico. Solamente falta el dictamen de Movimiento Ciudadano, quien con su retardada&hellip;<\/p>\n","protected":false},"author":1,"featured_media":0,"comment_status":"open","ping_status":"closed","sticky":false,"template":"","format":"standard","meta":{"footnotes":""},"categories":[3,8,6],"tags":[7133,4842,10258],"class_list":["post-101902","post","type-post","status-publish","format-standard","hentry","category-destacadas","category-opinion","category-zona-tuxtlas","tag-claudia-sheinbaum","tag-juan-javier-gomez-cazarin","tag-luis-donaldo-colosio"],"jetpack-related-posts":[],"_links":{"self":[{"href":"https:\/\/www.noticiasperfil.com\/index\/wp-json\/wp\/v2\/posts\/101902","targetHints":{"allow":["GET"]}}],"collection":[{"href":"https:\/\/www.noticiasperfil.com\/index\/wp-json\/wp\/v2\/posts"}],"about":[{"href":"https:\/\/www.noticiasperfil.com\/index\/wp-json\/wp\/v2\/types\/post"}],"author":[{"embeddable":true,"href":"https:\/\/www.noticiasperfil.com\/index\/wp-json\/wp\/v2\/users\/1"}],"replies":[{"embeddable":true,"href":"https:\/\/www.noticiasperfil.com\/index\/wp-json\/wp\/v2\/comments?post=101902"}],"version-history":[{"count":1,"href":"https:\/\/www.noticiasperfil.com\/index\/wp-json\/wp\/v2\/posts\/101902\/revisions"}],"predecessor-version":[{"id":101903,"href":"https:\/\/www.noticiasperfil.com\/index\/wp-json\/wp\/v2\/posts\/101902\/revisions\/101903"}],"wp:attachment":[{"href":"https:\/\/www.noticiasperfil.com\/index\/wp-json\/wp\/v2\/media?parent=101902"}],"wp:term":[{"taxonomy":"category","embeddable":true,"href":"https:\/\/www.noticiasperfil.com\/index\/wp-json\/wp\/v2\/categories?post=101902"},{"taxonomy":"post_tag","embeddable":true,"href":"https:\/\/www.noticiasperfil.com\/index\/wp-json\/wp\/v2\/tags?post=101902"}],"curies":[{"name":"wp","href":"https:\/\/api.w.org\/{rel}","templated":true}]}}