{"id":102118,"date":"2023-08-22T13:53:57","date_gmt":"2023-08-22T18:53:57","guid":{"rendered":"https:\/\/www.noticiasperfil.com\/index\/?p=102118"},"modified":"2023-08-22T13:53:57","modified_gmt":"2023-08-22T18:53:57","slug":"encabeza-cuitlahuac-inicio-del-ciclo-escolar-2023-2024-en-emiliano-zapata","status":"publish","type":"post","link":"https:\/\/www.noticiasperfil.com\/index\/2023\/08\/22\/encabeza-cuitlahuac-inicio-del-ciclo-escolar-2023-2024-en-emiliano-zapata\/","title":{"rendered":"Encabeza Cuitl\u00e1huac inicio del ciclo escolar 2023-2024 en Emiliano Zapata"},"content":{"rendered":"<p><img loading=\"lazy\" decoding=\"async\" class=\"aligncenter size-medium wp-image-102119\" src=\"https:\/\/i1.wp.com\/www.noticiasperfil.com\/index\/wp-content\/uploads\/2023\/08\/cuitlahuac-garcia-jimenez-660x365.jpg?resize=640%2C354&#038;ssl=1\" alt=\"\" width=\"640\" height=\"354\" data-recalc-dims=\"1\" \/><\/p>\n<p>Xalapa, Ver.- El gobernador Cuitl\u00e1huac Garc\u00eda Jim\u00e9nez, asegur\u00f3 que de nada servir\u00e1 \u00abponernos muy duchos en Matem\u00e1ticas\u00bb, si no se le tiende la mano al compa\u00f1ero \u00abpara que salga adelante\u00bb.<\/p>\n<p>Al encabezar este martes en el municipio de Emiliano Zapata el inicio del ciclo escolar 2023-2024, precis\u00f3 que no servir\u00e1 de mucho que seamos los grandes matem\u00e1ticos, \u00absi no sabemos tender la mano al compa\u00f1ero, a la compa\u00f1era para que salga adelante.\u00bb<\/p>\n<p>El gobernador Cuitl\u00e1huac Garc\u00eda Jim\u00e9nez, resalt\u00f3 la importancia de compartir \u00ablo que hemos aprendido con el de a lado, ese es uno de los retos de la nueva escuela mexicana.\u00bb<\/p>\n<p>Record\u00f3 su antigua profesi\u00f3n de maestro del nivel bachillerato, \u00abdoy clases de F\u00edsica y la forma en que ven\u00eda ense\u00f1ando era: vas aprender f\u00edsica independiente de lo que pase a tu alrededor, independiente de como te sientes, sin necesariamente ver al de a lado vas a aprender F\u00edsica y me empe\u00f1aba en qu\u00e9 aprendieran F\u00edsica\u00bb.<\/p>\n<p>Sin embargo, dijo, con la ense\u00f1anza anterior \u00abno est\u00e1bamos saliendo adelante; en una autocr\u00edtica no est\u00e1bamos aprendiendo lo suficiente y todav\u00eda m\u00e1s, sal\u00edamos a la sociedad, sin mirar a los dem\u00e1s y solo satisfacer tus necesidades de una manera ego\u00edsta y eso nos llevar\u00eda al fracaso.\u00bb<\/p>\n","protected":false},"excerpt":{"rendered":"<p>Xalapa, Ver.- El gobernador Cuitl\u00e1huac Garc\u00eda Jim\u00e9nez, asegur\u00f3 que de nada servir\u00e1 \u00abponernos muy duchos en Matem\u00e1ticas\u00bb, si no se le tiende la mano al compa\u00f1ero \u00abpara que salga adelante\u00bb. Al encabezar este martes en el municipio de Emiliano Zapata el inicio del ciclo escolar 2023-2024, precis\u00f3 que no servir\u00e1 de mucho que seamos los grandes matem\u00e1ticos, \u00absi no sabemos tender la mano al compa\u00f1ero, a la compa\u00f1era para que salga adelante.\u00bb El gobernador Cuitl\u00e1huac Garc\u00eda Jim\u00e9nez, resalt\u00f3 la importancia de compartir \u00ablo que hemos aprendido con el de a&hellip;<\/p>\n","protected":false},"author":1,"featured_media":0,"comment_status":"open","ping_status":"closed","sticky":false,"template":"","format":"standard","meta":{"footnotes":""},"categories":[3,4],"tags":[339],"class_list":["post-102118","post","type-post","status-publish","format-standard","hentry","category-destacadas","category-estatal","tag-cuitlahuac-garcia-jimenez"],"jetpack-related-posts":[],"_links":{"self":[{"href":"https:\/\/www.noticiasperfil.com\/index\/wp-json\/wp\/v2\/posts\/102118","targetHints":{"allow":["GET"]}}],"collection":[{"href":"https:\/\/www.noticiasperfil.com\/index\/wp-json\/wp\/v2\/posts"}],"about":[{"href":"https:\/\/www.noticiasperfil.com\/index\/wp-json\/wp\/v2\/types\/post"}],"author":[{"embeddable":true,"href":"https:\/\/www.noticiasperfil.com\/index\/wp-json\/wp\/v2\/users\/1"}],"replies":[{"embeddable":true,"href":"https:\/\/www.noticiasperfil.com\/index\/wp-json\/wp\/v2\/comments?post=102118"}],"version-history":[{"count":1,"href":"https:\/\/www.noticiasperfil.com\/index\/wp-json\/wp\/v2\/posts\/102118\/revisions"}],"predecessor-version":[{"id":102120,"href":"https:\/\/www.noticiasperfil.com\/index\/wp-json\/wp\/v2\/posts\/102118\/revisions\/102120"}],"wp:attachment":[{"href":"https:\/\/www.noticiasperfil.com\/index\/wp-json\/wp\/v2\/media?parent=102118"}],"wp:term":[{"taxonomy":"category","embeddable":true,"href":"https:\/\/www.noticiasperfil.com\/index\/wp-json\/wp\/v2\/categories?post=102118"},{"taxonomy":"post_tag","embeddable":true,"href":"https:\/\/www.noticiasperfil.com\/index\/wp-json\/wp\/v2\/tags?post=102118"}],"curies":[{"name":"wp","href":"https:\/\/api.w.org\/{rel}","templated":true}]}}