{"id":102121,"date":"2023-08-22T14:15:00","date_gmt":"2023-08-22T19:15:00","guid":{"rendered":"https:\/\/www.noticiasperfil.com\/index\/?p=102121"},"modified":"2023-08-22T14:15:00","modified_gmt":"2023-08-22T19:15:00","slug":"cisneros-dejaria-el-cargo-para-buscar-la-gubernatura","status":"publish","type":"post","link":"https:\/\/www.noticiasperfil.com\/index\/2023\/08\/22\/cisneros-dejaria-el-cargo-para-buscar-la-gubernatura\/","title":{"rendered":"Cisneros dejar\u00eda el cargo para buscar la gubernatura"},"content":{"rendered":"<p><img loading=\"lazy\" decoding=\"async\" class=\"aligncenter size-medium wp-image-93555\" src=\"https:\/\/i2.wp.com\/www.noticiasperfil.com\/index\/wp-content\/uploads\/2022\/10\/prosa-aprisa-300x169.jpg?resize=300%2C169&#038;ssl=1\" alt=\"\" width=\"300\" height=\"169\" data-recalc-dims=\"1\" \/><\/p>\n<p><strong>Prosa Aprisa\/Por Arturo Reyes Isidoro.<\/strong><\/p>\n<p>El domingo cerrar\u00e1 su campa\u00f1a en Xalapa la candidata del presidente y del gobernador, Claudia Sheinbaum, y ya alistan miles de acarreados. Pero ahora voy a otra cosa.<\/p>\n<p><strong><em>\u00a0<\/em><\/strong>Si se atiene uno a la despedida que est\u00e1 haciendo el secretario de Gobierno Eric Cisneros con los alcaldes que apoyan su proyecto para ser el candidato de Morena a la gubernatura, entonces es que tiene previsto ya renunciar a su cargo para dedicarse a hacer campa\u00f1a en forma todav\u00eda m\u00e1s abierta de como lo viene haciendo ahora.<\/p>\n<p>El pol\u00e9mico personaje tuvo el pasado fin de semana mucha actividad en P\u00e1nuco y municipios de la Huasteca veracruzana que son presididos por alcaldes que se le han sumado por decisi\u00f3n propia, porque creen que de veras \u00e9l va a ser el candidato, porque los convenci\u00f3 o porque no les ha quedado de otra cuando los ha presionado.<\/p>\n<p>Reunidos en P\u00e1nuco, en un acto bastante concurrido, para entregar actas de nacimiento y poner obras en servicio, les pidi\u00f3 a los presidentes municipales que toda obra que tengan pendiente de inaugurar la programen ya con su asistencia y que organicen actos con ese pretexto con por lo menos tres mil personas.<\/p>\n<p>Ah\u00ed fue donde les coment\u00f3 que porque ser\u00eda la \u00faltima visita que les har\u00eda como secretario de Gobierno, sin comentarles por qu\u00e9, pero que todos entendieron que porque va a dejar su cargo para dedicarse de lleno a sumar simpat\u00edas de cara a la encuesta que va a hacer Morena para definir al candidato o a la candidata a la gubernatura.<\/p>\n<p>Aunque luego de la llamada de atenci\u00f3n que le hizo el presidente L\u00f3pez Obrador para que bajara y quitara toda la propaganda con la que tapiz\u00f3 el estado con el pretexto de la presentaci\u00f3n de un libro de su presunta autor\u00eda y que tanto \u00e9l como el gobernador Cuitl\u00e1huac Garc\u00eda Jim\u00e9nez negaran que buscara ser el candidato, todos sus movimientos apuntan en esa direcci\u00f3n.<\/p>\n<p>Seguramente el \u201cafrodescendiente\u201d se alebrest\u00f3 m\u00e1s luego de que\u00a0<em>El Heraldo de M\u00e9xico\u00a0<\/em>dio a conocer una encuesta la semana pasada en la que aparece posicionado en tercer lugar solo atr\u00e1s de la secretar\u00eda de Energ\u00eda Roc\u00edo Nahle y del alcalde de Xalapa Ricardo Ahued y delante de Sergio Guti\u00e9rrez Luna.<\/p>\n<p>Por la forma en la que lleva ya bastante tiempo promovi\u00e9ndose utilizando su cargo, pero adem\u00e1s utilizando (desviando) recursos p\u00fablicos, no cabe otra explicaci\u00f3n m\u00e1s que tiene todo el apoyo del gobernador, quien adem\u00e1s cuando AMLO le jal\u00f3 las orejas, \u00e9l sali\u00f3 a justificarlo.<\/p>\n<p>Eso lleva a plantear la posible hip\u00f3tesis de que el gobernador tiene informaci\u00f3n de que finalmente Roc\u00edo no ser\u00e1 la candidata por el retraso que tiene en la entrega de la refiner\u00eda de Dos Bocas, y que de com\u00fan acuerdo y con el visto bueno del presidente decidieron que fuera Cisneros quien entrara en su lugar, en el caso de Cuitl\u00e1huac porque cree que con \u00e9l estar\u00e1 a salvo, que le cuidar\u00e1 la espalda una vez que deje el cargo y que lo mantendr\u00e1 impune.<\/p>\n<p><strong>Nahle siempre supo que Eric quer\u00eda ser su Opci\u00f3n B<\/strong><\/p>\n<p><strong>\u00a0<\/strong>Hoy corren muchas versiones de por qu\u00e9 el desmedido apoyo y la tolerancia del gobernador con el secretario y por qu\u00e9 hicieron como que atend\u00edan una recomendaci\u00f3n del presidente pero sin cumplirla en los hechos, y por el contrario Cisneros aument\u00f3 su campa\u00f1a con el pretexto de promover y defender la negritud, mientras que Nahle no intent\u00f3 pararlo pidi\u00e9ndoselo a AMLO, como s\u00ed lo hizo cuando irrumpi\u00f3 Sergio Guti\u00e9rrez Luna.<\/p>\n<p><strong>\u00a0<\/strong>En realidad, Nahle no desconoce la intenci\u00f3n de Eric de buscar la candidatura, pues desde mediados de 2021 \u00e9l personalmente le propuso que lo considerara como su \u201cOpci\u00f3n B\u201d en caso de que no pudiera ser la candidata de Morena.<\/p>\n<p>A Roc\u00edo le movi\u00f3 el piso la s\u00fabita aparici\u00f3n de Guti\u00e9rrez Luna en septiembre de 2021 y el r\u00e1pido avance que logr\u00f3 gracias a una intensa promoci\u00f3n en los medios, tanto que en dos ocasiones pidi\u00f3 audiencia con el presidente para quejarse y preguntar por qu\u00e9 no lo paraban y si le iba a cumplir la promesa que le hab\u00eda hecho de que ella ser\u00eda la candidata.<\/p>\n<p>En las dos ocasiones L\u00f3pez Obrador le sob\u00f3 el lomo, le pidi\u00f3 que estuviera tranquila, le dijo que le iba a cumplir y que siguiera trabajando en la refiner\u00eda. De esas audiencias y de la preocupaci\u00f3n de Nahle el \u00fanico que se enter\u00f3 fue Cisneros, quien en la segunda ocasi\u00f3n fue a hablar con ella a la Ciudad de M\u00e9xico para hacerle su propuesta.<\/p>\n<p>Le plante\u00f3 que lo adoptara y lo convirtiera en su Opci\u00f3n B, esto es, que si ella no resultaba la candidata lo apoyara para que \u00e9l lo fuera y que a trav\u00e9s de \u00e9l gobernara Veracruz, o sea, que el poder pol\u00edtico ser\u00eda suyo y \u00e9l solo ser\u00eda un instrumento. Hoy son cada vez m\u00e1s insistentes las versiones de que en realidad no est\u00e1n distanciados como han hecho creer y que han seguido un juego previamente acordado, pero son solo versiones.<\/p>\n<p><strong>\u00bfSe cay\u00f3 Nahle?<\/strong><\/p>\n<p><strong>\u00a0<\/strong>El jueves pasado la casa encuestadora Poligrama y\u00a0<em>El Heraldo de M\u00e9xico\u00a0<\/em>dieron a conocer el resultado de una encuesta en la que Roc\u00edo apareci\u00f3 en primer lugar entre los aspirantes de Morena, seguida por Ricardo Ahued, Cisneros y Guti\u00e9rrez Luna.<\/p>\n<p>Con ese motivo, la conductora Lupita Ju\u00e1rez, de\u00a0<em>El Heraldo\u00a0<\/em>televisi\u00f3n la entrevist\u00f3, pero en lugar de echarse para adelante como aspirante, Nahle se mostr\u00f3 excesivamente cautelosa y en ning\u00fan momento se asumi\u00f3 como la posible futura candidata a la gubernatura de Veracruz.<\/p>\n<p>\u201cCasi t\u00fa me est\u00e1s destapando\u201d, le respondi\u00f3 cuando la periodista le mencion\u00f3 su posici\u00f3n en la encuesta. \u201cS\u00e9 que no es el momento, soy senadora de Veracruz\u2026 ya los tiempos que marque el propio partido, que marque la ley electoral, estaremos\u2026 yo he dicho que Veracruz es mi destino, pero cuidando todos los tiempos y las formas\u201d, se defendi\u00f3 para no entrar de lleno a su posible candidatura.<\/p>\n<p>\u201c\u00bfPero levantas la mano?\u201d, le insisti\u00f3 la conductora. \u201cYo no quiero como funcionaria ir m\u00e1s all\u00e1, creo que hay que ser responsables para que en su momento todos tengamos un piso parejo, sobre todo, yo ya fui diputada, soy senadora, ahorita estoy de secretaria y siempre he respetado la ley y los tiempos y en esto mismo lo vamos a hacer\u201d. Nada de su posible candidatura.<\/p>\n<p>Para los observadores extra\u00f1\u00f3 su respuesta, y en peque\u00f1os c\u00edrculos se dio por hecho que estaba atrapada en la refiner\u00eda, y que tal vez el presidente le hab\u00eda dicho ya que no la dejar\u00eda ir hasta que no estuviera totalmente concluida la obra y refinando, versi\u00f3n que ayer se fortaleci\u00f3 cuando el propio AMLO inform\u00f3 que desde el jueves pasado el director general del IMSS, Zo\u00e9 Robledo, le comunic\u00f3 su decisi\u00f3n de no dejar el cargo para ir a contender por la gubernatura de Chiapas.<\/p>\n<p>Fue una salida elegante que le dio L\u00f3pez Obrador al freno que le impuso, pues en las \u00faltimas semanas el IMSS ha estado envuelto en esc\u00e1ndalos por el mal funcionamiento de los servicios con la p\u00e9rdida incluso de vidas humanas.<\/p>\n<p>En el caso de Nahle, no solo lleva m\u00e1s de un a\u00f1o de retraso desde que lo hizo inaugurar la refiner\u00eda sin estar concluida y sin que hasta la fecha haya refinado un solo litro de combustible, adem\u00e1s del disparo del presupuesto original a m\u00e1s del doble y los se\u00f1alamientos de casos de corrupci\u00f3n en la que estar\u00eda involucrada, en general por su ineptitud para planear la construcci\u00f3n de una de las obras insignias del sexenio.<\/p>\n<p>El presidente tiene previsto visitar la refiner\u00eda a finales de este mes, pero de acuerdo a los expertos la obra no ha pasado todas las pruebas de seguridad para poderla echar a andar. Cisneros, pues, estar\u00eda listo para entrar en su relevo rumbo a la candidatura.<\/p>\n<p><strong>Procurador Agrario firmar\u00e1 convenio en Xalapa<\/strong><\/p>\n<p><strong>\u00a0<\/strong>Hoy martes estar\u00e1 en Xalapa el Procurador Agrario, Luis Hern\u00e1ndez Palacios Mir\u00f3n, quien acompa\u00f1ado del secretario de Desarrollo Econ\u00f3mico y el director en Jefe del Registro Agrario Nacional, Enrique Nach\u00f3n y Plutarco Garc\u00eda Jim\u00e9nez, respectivamente, firmar\u00e1n un convenio de colaboraci\u00f3n a las 14:00 horas.<\/p>\n<p>La firma la sustentan en que los acuerdos entre los gobiernos federal y estatal est\u00e1n enfocados a las acciones de crecimiento para el desarrollo sostenible e inclusivo en zonas industriales que se encuentran en tierras ejidales en la geograf\u00eda veracruzana, que hacen necesario regularizar esa situaci\u00f3n legal.<\/p>\n<p>Destaca el inter\u00e9s de Hern\u00e1ndez Palacios Mir\u00f3n en generar acciones de apoyo a su estado natal.<\/p>\n","protected":false},"excerpt":{"rendered":"<p>Prosa Aprisa\/Por Arturo Reyes Isidoro. El domingo cerrar\u00e1 su campa\u00f1a en Xalapa la candidata del presidente y del gobernador, Claudia Sheinbaum, y ya alistan miles de acarreados. Pero ahora voy a otra cosa. \u00a0Si se atiene uno a la despedida que est\u00e1 haciendo el secretario de Gobierno Eric Cisneros con los alcaldes que apoyan su proyecto para ser el candidato de Morena a la gubernatura, entonces es que tiene previsto ya renunciar a su cargo para dedicarse a hacer campa\u00f1a en forma todav\u00eda m\u00e1s abierta de como lo viene haciendo&hellip;<\/p>\n","protected":false},"author":1,"featured_media":0,"comment_status":"open","ping_status":"closed","sticky":false,"template":"","format":"standard","meta":{"footnotes":""},"categories":[8,10],"tags":[112],"class_list":["post-102121","post","type-post","status-publish","format-standard","hentry","category-opinion","category-prosa-aprisa","tag-arturo-reyes-isidoro"],"jetpack-related-posts":[],"_links":{"self":[{"href":"https:\/\/www.noticiasperfil.com\/index\/wp-json\/wp\/v2\/posts\/102121","targetHints":{"allow":["GET"]}}],"collection":[{"href":"https:\/\/www.noticiasperfil.com\/index\/wp-json\/wp\/v2\/posts"}],"about":[{"href":"https:\/\/www.noticiasperfil.com\/index\/wp-json\/wp\/v2\/types\/post"}],"author":[{"embeddable":true,"href":"https:\/\/www.noticiasperfil.com\/index\/wp-json\/wp\/v2\/users\/1"}],"replies":[{"embeddable":true,"href":"https:\/\/www.noticiasperfil.com\/index\/wp-json\/wp\/v2\/comments?post=102121"}],"version-history":[{"count":1,"href":"https:\/\/www.noticiasperfil.com\/index\/wp-json\/wp\/v2\/posts\/102121\/revisions"}],"predecessor-version":[{"id":102122,"href":"https:\/\/www.noticiasperfil.com\/index\/wp-json\/wp\/v2\/posts\/102121\/revisions\/102122"}],"wp:attachment":[{"href":"https:\/\/www.noticiasperfil.com\/index\/wp-json\/wp\/v2\/media?parent=102121"}],"wp:term":[{"taxonomy":"category","embeddable":true,"href":"https:\/\/www.noticiasperfil.com\/index\/wp-json\/wp\/v2\/categories?post=102121"},{"taxonomy":"post_tag","embeddable":true,"href":"https:\/\/www.noticiasperfil.com\/index\/wp-json\/wp\/v2\/tags?post=102121"}],"curies":[{"name":"wp","href":"https:\/\/api.w.org\/{rel}","templated":true}]}}