{"id":102123,"date":"2023-08-22T14:27:50","date_gmt":"2023-08-22T19:27:50","guid":{"rendered":"https:\/\/www.noticiasperfil.com\/index\/?p=102123"},"modified":"2023-08-22T14:27:50","modified_gmt":"2023-08-22T19:27:50","slug":"creel-rectifico","status":"publish","type":"post","link":"https:\/\/www.noticiasperfil.com\/index\/2023\/08\/22\/creel-rectifico\/","title":{"rendered":"Creel rectific\u00f3"},"content":{"rendered":"<p><img loading=\"lazy\" decoding=\"async\" class=\"aligncenter size-medium wp-image-93558\" src=\"https:\/\/i1.wp.com\/www.noticiasperfil.com\/index\/wp-content\/uploads\/2022\/10\/sergio-gonzalez-levet-300x218.jpg?resize=300%2C218&#038;ssl=1\" alt=\"\" width=\"300\" height=\"218\" data-recalc-dims=\"1\" \/><\/p>\n<p><strong>Sin Tacto\/Por Sergio Gonz\u00e1lez Levet.<\/strong><\/p>\n<p>El teacher L\u00f3pez D\u00f3riga dijo al dar la exclusiva ayer en la tarde que Santiago Creel Miranda \u201cse sacrificaba\u201d en favor de X\u00f3chitl G\u00e1lvez y dejaba la contienda. El verbo no fue exacto, porque el ex Presidente de la Mesa Directiva de la C\u00e1mara de Diputados no ten\u00eda ninguna posibilidad ante los n\u00fameros que tra\u00edan Beatriz Paredes y X\u00f3chitl G\u00e1lvez, y m\u00e1s bien hizo lo l\u00f3gico.<\/p>\n<p>\u00c9l ven\u00eda resultando un invitado de piedra en el encuentro entre dos mujeres poderosas, y a tiempo se sali\u00f3 para dejar que corriera el curso de la historia que cambiar\u00e1 a M\u00e9xico.<\/p>\n<p>La renuncia de Creel ya se ve\u00eda venir desde hace d\u00edas, despu\u00e9s de que la misma X\u00f3chitl le hab\u00eda pedido elegantemente que se bajara (\u201cSi \u00e9l fuera adelante en las encuestas, yo hubiera renunciado en su favor\u201d) y de que un nutrido grupo de militantes y simpatizantes panistas le hab\u00edan escrito una carta al diputado con licencia en la que le dec\u00edan\/ped\u00edan:<\/p>\n<p>\u201cLo sensato y \u00fatil para M\u00e9xico es que los panistas cerremos filas con X\u00f3chitl G\u00e1lvez, la aspirante m\u00e1s competitiva que ha levantado simpat\u00eda, ha generado entusiasmo y ha despertado el inter\u00e9s c\u00edvico de la participaci\u00f3n ciudadana. Acci\u00f3n Nacional, por su historia democr\u00e1tica, est\u00e1 obligado a impulsar a quien los ciudadanos consideran que es una alternativa para construir un Frente Amplio por M\u00e9xico\u201d.<\/p>\n<p>Tambi\u00e9n la gloriosa jornada del domingo le hab\u00eda mandado otra se\u00f1al a Creel, porque en muchas ciudades del pa\u00eds estuvieron llenas las mesas que ayudaban a los ciudadanos a registrarse en favor de X\u00f3chitl, lo que da idea de que la votaci\u00f3n del pr\u00f3ximo 3 de septiembre ser\u00e1 arrolladora en su favor.<\/p>\n<p>Por \u00e9sas y otras razones (como una muy probable recomendaci\u00f3n de la dirigencia nacional del PAN), ayer en la tarde-noche Santiago subi\u00f3 un video en el que dijo:<\/p>\n<p>\u201cEstoy convencido que el poder tiene sentido en la construcci\u00f3n del bien com\u00fan. No debe ser nunca una obsesi\u00f3n personal, sino medio para lograr transformar la realidad. Hoy anuncio que le doy a X\u00f3chitl G\u00e1lvez mi total apoyo para que encabece el Frente Amplio por M\u00e9xico\u201d.<\/p>\n<p>Con esta defecci\u00f3n, quedan por delante tres foros del Frente Amplio por M\u00e9xico en los que participar\u00e1n Beatriz y X\u00f3chitl, X\u00f3chitl y Beatriz. Al quedar sendas abanderadas del PAN y del PRI, la respuesta de las encuestas y la votaci\u00f3n ser\u00e1n entre dos, y han subido considerablemente los momios de la senadora blanquiazul, quien adem\u00e1s tiene un apoyo enorme de la sociedad civil.<\/p>\n<p>Ser\u00e1 un buen espect\u00e1culo ver a dos mujeres inteligentes haciendo propuestas serias sobre el futuro de la naci\u00f3n. De ello solamente puede salir algo bueno para M\u00e9xico.<\/p>\n<p>&nbsp;<\/p>\n<p><a href=\"about:blank\">sglevet@gmail.com<\/a><\/p>\n","protected":false},"excerpt":{"rendered":"<p>Sin Tacto\/Por Sergio Gonz\u00e1lez Levet. El teacher L\u00f3pez D\u00f3riga dijo al dar la exclusiva ayer en la tarde que Santiago Creel Miranda \u201cse sacrificaba\u201d en favor de X\u00f3chitl G\u00e1lvez y dejaba la contienda. El verbo no fue exacto, porque el ex Presidente de la Mesa Directiva de la C\u00e1mara de Diputados no ten\u00eda ninguna posibilidad ante los n\u00fameros que tra\u00edan Beatriz Paredes y X\u00f3chitl G\u00e1lvez, y m\u00e1s bien hizo lo l\u00f3gico. \u00c9l ven\u00eda resultando un invitado de piedra en el encuentro entre dos mujeres poderosas, y a tiempo se sali\u00f3&hellip;<\/p>\n","protected":false},"author":1,"featured_media":0,"comment_status":"open","ping_status":"closed","sticky":false,"template":"","format":"standard","meta":{"footnotes":""},"categories":[8,14],"tags":[1332],"class_list":["post-102123","post","type-post","status-publish","format-standard","hentry","category-opinion","category-sin-tacto","tag-sergio-gonzalez-levet"],"jetpack-related-posts":[],"_links":{"self":[{"href":"https:\/\/www.noticiasperfil.com\/index\/wp-json\/wp\/v2\/posts\/102123","targetHints":{"allow":["GET"]}}],"collection":[{"href":"https:\/\/www.noticiasperfil.com\/index\/wp-json\/wp\/v2\/posts"}],"about":[{"href":"https:\/\/www.noticiasperfil.com\/index\/wp-json\/wp\/v2\/types\/post"}],"author":[{"embeddable":true,"href":"https:\/\/www.noticiasperfil.com\/index\/wp-json\/wp\/v2\/users\/1"}],"replies":[{"embeddable":true,"href":"https:\/\/www.noticiasperfil.com\/index\/wp-json\/wp\/v2\/comments?post=102123"}],"version-history":[{"count":1,"href":"https:\/\/www.noticiasperfil.com\/index\/wp-json\/wp\/v2\/posts\/102123\/revisions"}],"predecessor-version":[{"id":102124,"href":"https:\/\/www.noticiasperfil.com\/index\/wp-json\/wp\/v2\/posts\/102123\/revisions\/102124"}],"wp:attachment":[{"href":"https:\/\/www.noticiasperfil.com\/index\/wp-json\/wp\/v2\/media?parent=102123"}],"wp:term":[{"taxonomy":"category","embeddable":true,"href":"https:\/\/www.noticiasperfil.com\/index\/wp-json\/wp\/v2\/categories?post=102123"},{"taxonomy":"post_tag","embeddable":true,"href":"https:\/\/www.noticiasperfil.com\/index\/wp-json\/wp\/v2\/tags?post=102123"}],"curies":[{"name":"wp","href":"https:\/\/api.w.org\/{rel}","templated":true}]}}