{"id":102125,"date":"2023-08-22T14:36:53","date_gmt":"2023-08-22T19:36:53","guid":{"rendered":"https:\/\/www.noticiasperfil.com\/index\/?p=102125"},"modified":"2023-08-22T14:36:53","modified_gmt":"2023-08-22T19:36:53","slug":"el-acoso-de-policias","status":"publish","type":"post","link":"https:\/\/www.noticiasperfil.com\/index\/2023\/08\/22\/el-acoso-de-policias\/","title":{"rendered":"El acoso de polic\u00edas"},"content":{"rendered":"<p><img loading=\"lazy\" decoding=\"async\" class=\"aligncenter size-medium wp-image-93561\" src=\"https:\/\/i2.wp.com\/www.noticiasperfil.com\/index\/wp-content\/uploads\/2022\/10\/punto-de-vista-300x198.jpg?resize=300%2C198&#038;ssl=1\" alt=\"\" width=\"300\" height=\"198\" data-recalc-dims=\"1\" \/><\/p>\n<p><strong>Punto de Vista\/Por Filiberto Vargas Rodr\u00edguez.<\/strong><\/p>\n<p class=\"x_MsoNormal\"><strong class=\"x_ContentPasted0\">Prefacio.\u00a0<\/strong><\/p>\n<p class=\"x_MsoNormal x_ContentPasted0\">\u00bfNepotismo yo? \u00a1Jam\u00e1s! *** \u00a1Nepotismo en el gobierno de Yunes Linares! \u00bfO me van a decir que no impuso a su hijo como candidato a gobernador? *** Cuitl\u00e1huac Garc\u00eda retom\u00f3 un tema que \u00e9l mismo ya supon\u00eda superado: la presencia, en posiciones estrat\u00e9gicas de su gobierno, de miembros de esa gran familia de apellido Guerrero. *** Ya las preguntas no fueron por su primo, el subsecretario de Administraci\u00f3n y Finanzas, Eleazar Guerrero P\u00e9rez (producto, seg\u00fan su propia versi\u00f3n, de los viajes de su abuela a Xalapa), ni por los hijos de Eleazar, ubicados de manera estrat\u00e9gica en la Secretar\u00eda de Seguridad P\u00fablica y en el DIF. *** No, ahora lo cuestionaron por otros parientes del ramo de los Guerrero, ambas con posiciones relevantes en el Poder Judicial, que encabeza su subalterna, la magistrada Lisbeth Aurelia Jim\u00e9nez Aguirre. Se refirieron a Isabel Cristina Hern\u00e1ndez Guerrero, secretaria de Acuerdos del Consejo de la Judicatura, as\u00ed como con Alejandra Guerrero P\u00e9rez, jefa del departamento de Responsabilidades. *** \u00a1Investiguen, les doy autorizaci\u00f3n! Como si fuera necesaria esta para investigar el desempe\u00f1o de los servidores p\u00fablicos. El nepotismo es evidente, inocultable, pero en estos momentos los \u00f3rganos encargados de vigilar y sancionar esas irregularidades est\u00e1n bajo el control pleno de su gobierno. *** S\u00f3lo hay que tener un poco de paciencia, pues ya se les est\u00e1 acabando el reinado.<\/p>\n<p class=\"x_MsoNormal\" align=\"center\"><strong class=\"x_ContentPasted0\">* * *\u00a0<\/strong><\/p>\n<p class=\"x_MsoNormal x_ContentPasted0\">Si algo hay que reconocer al actual gobierno estatal, es que -de verdad- est\u00e1 preocupado por reducir la incidencia delictiva, esa que -seg\u00fan sus anuncios espectaculares, ya se redujo en m\u00e1s de un 50 por ciento, pero que le sigue generando dolores de cabeza.<\/p>\n<p class=\"x_MsoNormal x_ContentPasted0\">Los que de esto saben aseguran que esa prisa por \u201cenfriar las cosas\u201d en la entidad, es consecuencia de un severo \u201cjal\u00f3n de orejas recibido desde Palacio Nacional.<\/p>\n<p class=\"x_MsoNormal x_ContentPasted0\">De cualquier manera, y para hacer m\u00e1s notorio que \u201cs\u00ed se est\u00e1 trabajando\u201d, el pasado fin de semana los polic\u00edas estatales uniformados tuvieron a bien detener un convoy integrado por veh\u00edculos de gama alta, con tan mala fortuna, que el personaje que viajaba en esa comitiva era una de las \u201ccorcholatas\u201d y amigo personal del \u201cse\u00f1or presidente\u201d.<\/p>\n<p class=\"x_MsoNormal x_ContentPasted0\">Me refiero, por supuesto, a la intervenci\u00f3n que sufri\u00f3 en Coatzacoalcos el aspirante a \u201ccoordinar los esfuerzos de la cuarta transformaci\u00f3n\u201d, representante del Partido Verde, Manuel Velasco.<\/p>\n<p class=\"x_MsoNormal x_ContentPasted0\">El gobernador Cuitl\u00e1huac Garc\u00eda dijo que \u00e9l personalmente busc\u00f3 a Manuel Velasco para ofrecerle una disculpa y aclar\u00f3 que la polic\u00eda \u201cno actu\u00f3 como algunos medios dijeron, queriendo exagerar la nota\u201d.<\/p>\n<p class=\"x_MsoNormal x_ContentPasted0\">Sin embargo, el propio aspirante del Partido Verde asegur\u00f3 que fue \u201cenca\u00f1onado\u201d por varios polic\u00edas mientras recorr\u00eda las carreteras de Veracruz.<\/p>\n<p class=\"x_MsoNormal x_ContentPasted0\">\u201cNos cerraron el paso, nos enca\u00f1onaron, nos retuvieron por media hora, no nos dijeron nada, eran polic\u00edas de Veracruz\u201d, narr\u00f3.<\/p>\n<p class=\"x_MsoNormal x_ContentPasted0\">Ese mismo d\u00eda, en Xalapa, otro grupo policial intervino al dirigente estatal del PAN, Federico Salom\u00f3n, a quien obligaron a identificarse y detuvieron su viaje hasta que -luego de algunas llamadas- los uniformados recibieron la orden de dejarlo marcharse.<\/p>\n<p class=\"x_MsoNormal x_ContentPasted0\">Para justificar el comportamiento de los polic\u00edas, el gobernador explic\u00f3 que se trata de operativos dise\u00f1ados para detectar a delincuentes que est\u00e1n tratando de \u201ccamuflarse\u201d traslad\u00e1ndose en veh\u00edculos de alta gama.<\/p>\n<p class=\"x_MsoNormal x_ContentPasted0\">\u201cAhora los delincuentes se tratan de mimetizar, usan bajo perfil o se suben en coches de \u00faltimo modelo; tratan de simular que tienen un nivel econ\u00f3mico as\u00ed y entonces tenemos detectado que usan algunos veh\u00edculos y cuando los vemos act\u00faan de manera evasiva o de alguna otra manera (y por eso) se hace la revisi\u00f3n\u201d.<\/p>\n<p class=\"x_MsoNormal x_ContentPasted0\">Ne\u00f3fito en materia de Derecho, alguno de sus asesores deber\u00eda mencionarle que la Carta Magna, en su art\u00edculo 11, establece que \u201ctoda persona tiene derecho para entrar en la Rep\u00fablica, salir de ella, viajar por su territorio y mudar de residencia, sin necesidad de carta de seguridad, pasaporte, salvoconducto u otros requisitos semejantes\u201d, y en su art\u00edculo 16 se dispone: \u201cNadie puede ser molestado en su persona, familia, domicilio, papeles o posesiones, sino en virtud de mandamiento escrito de la autoridad competente, que funde y motive la causa legal del procedimiento\u201d.<\/p>\n<p class=\"x_MsoNormal x_ContentPasted0\">Todo lo que violente esos dos ordenamientos constitucionales debe ser considerado abuso de autoridad y debe ser sancionado.<\/p>\n<p class=\"x_MsoNormal\" align=\"center\"><strong class=\"x_ContentPasted0\">* * *\u00a0<\/strong><\/p>\n<p class=\"x_MsoNormal\"><strong class=\"x_ContentPasted0\">Ep\u00edlogo.\u00a0<\/strong><\/p>\n<p class=\"x_MsoNormal x_ContentPasted0\">Falleci\u00f3 en tierras veracruzanas, luego de acompa\u00f1ar a su amigo (y socio, dicen) Ad\u00e1n Augusto L\u00f3pez. *** Daniel Flores Nava, quien falleci\u00f3 en un accidente a\u00e9reo a finales de julio, era director de Proyecta Industrial de M\u00e9xico, una empresa creada en 2011 que -relata un reportaje del portal Animal Pol\u00edtico- \u201cs\u00f3lo vend\u00eda equipo de protecci\u00f3n y hac\u00eda reparaciones en la refiner\u00eda de Salamanca en Guanajuato durante el sexenio pasado\u201d, pero que con la autonombrada \u201ccuarta transformaci\u00f3n\u201d creci\u00f3 de manera exponencial. \u201cSus ganancias aumentaron en 13,000% gracias a adjudicaciones directas para construir la refiner\u00eda de Dos Bocas\u201d, se\u00f1ala el art\u00edculo. *** \u201cEn cinco a\u00f1os del sexenio de Enrique Pe\u00f1a Nieto (2012-2018), la compa\u00f1\u00eda particip\u00f3 en licitaciones p\u00fablicas y apenas logr\u00f3 196 millones de pesos, pero en los primeros tres a\u00f1os de la administraci\u00f3n de Andr\u00e9s Manuel L\u00f3pez Obrador sum\u00f3 27 mil 119 millones de pesos en contratos con Pemex, sin siquiera competir con otras empresas\u201d. *** \u201cDe ese total, 26 mil millones 735 mil pesos corresponden a cuatro contratos por adjudicaci\u00f3n directa para la construcci\u00f3n de Dos Bocas, en Para\u00edso, Tabasco, una de las obras prioritarias del mandatario. Este dinero significa el 22% del presupuesto gastado en dicha obra hasta 2021, cuando sumaba 120 mil millones de pesos\u201d. *** Ad\u00e1n Augusto L\u00f3pez no debe ser el \u00fanico doliente de Morena por esta p\u00e9rdida. *** Trascendi\u00f3 este lunes que el empresario Fidel Kuri Grajales, due\u00f1o de la franquicia \u201cTiburones Rojos\u201d, habr\u00eda sido detenido una vez m\u00e1s, cuando sal\u00eda de una audiencia en Almoloya de Ju\u00e1rez. *** Periodistas deportivos se\u00f1alan que su aprehensi\u00f3n obedecer\u00eda a un nuevo proceso en su contra, ahora imputado por un presunto fraude procesal.<\/p>\n<p class=\"x_MsoNormal\"><a id=\"LPlnkOWA721c271d-595a-e73a-454f-38a061960f37\" class=\"x_OWAAutoLink x_ContentPasted0\" data-linkindex=\"0\"><\/a>filivargas@gmail.com<\/p>\n","protected":false},"excerpt":{"rendered":"<p>Punto de Vista\/Por Filiberto Vargas Rodr\u00edguez. Prefacio.\u00a0 \u00bfNepotismo yo? \u00a1Jam\u00e1s! *** \u00a1Nepotismo en el gobierno de Yunes Linares! \u00bfO me van a decir que no impuso a su hijo como candidato a gobernador? *** Cuitl\u00e1huac Garc\u00eda retom\u00f3 un tema que \u00e9l mismo ya supon\u00eda superado: la presencia, en posiciones estrat\u00e9gicas de su gobierno, de miembros de esa gran familia de apellido Guerrero. *** Ya las preguntas no fueron por su primo, el subsecretario de Administraci\u00f3n y Finanzas, Eleazar Guerrero P\u00e9rez (producto, seg\u00fan su propia versi\u00f3n, de los viajes de su&hellip;<\/p>\n","protected":false},"author":1,"featured_media":0,"comment_status":"open","ping_status":"closed","sticky":false,"template":"","format":"standard","meta":{"footnotes":""},"categories":[8,4031],"tags":[4032],"class_list":["post-102125","post","type-post","status-publish","format-standard","hentry","category-opinion","category-punto-de-vista","tag-filiberto-vargas-rodriguez"],"jetpack-related-posts":[],"_links":{"self":[{"href":"https:\/\/www.noticiasperfil.com\/index\/wp-json\/wp\/v2\/posts\/102125","targetHints":{"allow":["GET"]}}],"collection":[{"href":"https:\/\/www.noticiasperfil.com\/index\/wp-json\/wp\/v2\/posts"}],"about":[{"href":"https:\/\/www.noticiasperfil.com\/index\/wp-json\/wp\/v2\/types\/post"}],"author":[{"embeddable":true,"href":"https:\/\/www.noticiasperfil.com\/index\/wp-json\/wp\/v2\/users\/1"}],"replies":[{"embeddable":true,"href":"https:\/\/www.noticiasperfil.com\/index\/wp-json\/wp\/v2\/comments?post=102125"}],"version-history":[{"count":1,"href":"https:\/\/www.noticiasperfil.com\/index\/wp-json\/wp\/v2\/posts\/102125\/revisions"}],"predecessor-version":[{"id":102126,"href":"https:\/\/www.noticiasperfil.com\/index\/wp-json\/wp\/v2\/posts\/102125\/revisions\/102126"}],"wp:attachment":[{"href":"https:\/\/www.noticiasperfil.com\/index\/wp-json\/wp\/v2\/media?parent=102125"}],"wp:term":[{"taxonomy":"category","embeddable":true,"href":"https:\/\/www.noticiasperfil.com\/index\/wp-json\/wp\/v2\/categories?post=102125"},{"taxonomy":"post_tag","embeddable":true,"href":"https:\/\/www.noticiasperfil.com\/index\/wp-json\/wp\/v2\/tags?post=102125"}],"curies":[{"name":"wp","href":"https:\/\/api.w.org\/{rel}","templated":true}]}}