{"id":102127,"date":"2023-08-22T15:48:04","date_gmt":"2023-08-22T20:48:04","guid":{"rendered":"https:\/\/www.noticiasperfil.com\/index\/?p=102127"},"modified":"2023-08-22T15:48:04","modified_gmt":"2023-08-22T20:48:04","slug":"anuncia-delegado-del-bienestar-arranque-de-vacunacion-anti-covid-para-octubre","status":"publish","type":"post","link":"https:\/\/www.noticiasperfil.com\/index\/2023\/08\/22\/anuncia-delegado-del-bienestar-arranque-de-vacunacion-anti-covid-para-octubre\/","title":{"rendered":"Anuncia delegado del Bienestar arranque de vacunaci\u00f3n anti covid para Octubre"},"content":{"rendered":"<p><img loading=\"lazy\" decoding=\"async\" class=\"aligncenter size-medium wp-image-102128\" src=\"https:\/\/i0.wp.com\/www.noticiasperfil.com\/index\/wp-content\/uploads\/2023\/08\/manuel-huerta-660x365.jpg?resize=640%2C354&#038;ssl=1\" alt=\"\" width=\"640\" height=\"354\" data-recalc-dims=\"1\" \/><\/p>\n<p>Xalapa, Ver.- El delegado de los programas del Bienestar, Manuel Huerta Ladr\u00f3n de Guevara, inform\u00f3 que en octubre inicia la vacunaci\u00f3n contra el coronavirus; a\u00fan no se sabe la marca.<\/p>\n<p>\u00abLa campa\u00f1a de vacunaci\u00f3n ser\u00e1 en el marco del inicio de las enfermedades respiratorias y en octubre, noviembre, diciembre, enero, febrero y marzo ser\u00e1 por prioridades ante el coronavirus\u00bb.<\/p>\n<p>En conferencia de prensa, el delegado de los programas del Bienestar, Manuel Huerta Ladr\u00f3n de Guevara, precis\u00f3 que en esta nueva etapa iniciar\u00e1n adultos mayores, madres embarazadas, personas con alguna comorbilidad y ah\u00ed es donde entran los menores.<\/p>\n<p>\u00abSer\u00e1 simult\u00e1nea a la de la influenza, pero est\u00e1 por definirse al igual que el tipo de vacuna\u00bb.<\/p>\n<p>El coronavirus son una familia de virus. La infecci\u00f3n con estos virus generalmente causa enfermedades respiratorias que van de leves a moderadas, tales como el resfriado com\u00fan. Algunos coronavirus ocasionan enfermedades graves que pueden llevar a neumon\u00eda, e incluso la muerte.<\/p>\n","protected":false},"excerpt":{"rendered":"<p>Xalapa, Ver.- El delegado de los programas del Bienestar, Manuel Huerta Ladr\u00f3n de Guevara, inform\u00f3 que en octubre inicia la vacunaci\u00f3n contra el coronavirus; a\u00fan no se sabe la marca. \u00abLa campa\u00f1a de vacunaci\u00f3n ser\u00e1 en el marco del inicio de las enfermedades respiratorias y en octubre, noviembre, diciembre, enero, febrero y marzo ser\u00e1 por prioridades ante el coronavirus\u00bb. En conferencia de prensa, el delegado de los programas del Bienestar, Manuel Huerta Ladr\u00f3n de Guevara, precis\u00f3 que en esta nueva etapa iniciar\u00e1n adultos mayores, madres embarazadas, personas con alguna comorbilidad&hellip;<\/p>\n","protected":false},"author":1,"featured_media":0,"comment_status":"open","ping_status":"closed","sticky":false,"template":"","format":"standard","meta":{"footnotes":""},"categories":[3,4],"tags":[3075],"class_list":["post-102127","post","type-post","status-publish","format-standard","hentry","category-destacadas","category-estatal","tag-manuel-huerta-ladron-de-guevara"],"jetpack-related-posts":[],"_links":{"self":[{"href":"https:\/\/www.noticiasperfil.com\/index\/wp-json\/wp\/v2\/posts\/102127","targetHints":{"allow":["GET"]}}],"collection":[{"href":"https:\/\/www.noticiasperfil.com\/index\/wp-json\/wp\/v2\/posts"}],"about":[{"href":"https:\/\/www.noticiasperfil.com\/index\/wp-json\/wp\/v2\/types\/post"}],"author":[{"embeddable":true,"href":"https:\/\/www.noticiasperfil.com\/index\/wp-json\/wp\/v2\/users\/1"}],"replies":[{"embeddable":true,"href":"https:\/\/www.noticiasperfil.com\/index\/wp-json\/wp\/v2\/comments?post=102127"}],"version-history":[{"count":1,"href":"https:\/\/www.noticiasperfil.com\/index\/wp-json\/wp\/v2\/posts\/102127\/revisions"}],"predecessor-version":[{"id":102129,"href":"https:\/\/www.noticiasperfil.com\/index\/wp-json\/wp\/v2\/posts\/102127\/revisions\/102129"}],"wp:attachment":[{"href":"https:\/\/www.noticiasperfil.com\/index\/wp-json\/wp\/v2\/media?parent=102127"}],"wp:term":[{"taxonomy":"category","embeddable":true,"href":"https:\/\/www.noticiasperfil.com\/index\/wp-json\/wp\/v2\/categories?post=102127"},{"taxonomy":"post_tag","embeddable":true,"href":"https:\/\/www.noticiasperfil.com\/index\/wp-json\/wp\/v2\/tags?post=102127"}],"curies":[{"name":"wp","href":"https:\/\/api.w.org\/{rel}","templated":true}]}}