{"id":102130,"date":"2023-08-22T18:39:06","date_gmt":"2023-08-22T23:39:06","guid":{"rendered":"https:\/\/www.noticiasperfil.com\/index\/?p=102130"},"modified":"2023-08-22T18:39:06","modified_gmt":"2023-08-22T23:39:06","slug":"sigue-la-transformacion-en-francisco-j-moreno-inaugura-alcaldesa-pavimentacion-de-calle-principal","status":"publish","type":"post","link":"https:\/\/www.noticiasperfil.com\/index\/2023\/08\/22\/sigue-la-transformacion-en-francisco-j-moreno-inaugura-alcaldesa-pavimentacion-de-calle-principal\/","title":{"rendered":"Sigue la transformaci\u00f3n en Francisco J. Moreno, inaugura alcaldesa pavimentaci\u00f3n de calle principal"},"content":{"rendered":"<p><img loading=\"lazy\" decoding=\"async\" class=\"aligncenter size-medium wp-image-102131\" src=\"https:\/\/i0.wp.com\/www.noticiasperfil.com\/index\/wp-content\/uploads\/2023\/08\/solana-calle-01-660x365.jpg?resize=640%2C354&#038;ssl=1\" alt=\"\" width=\"640\" height=\"354\" data-recalc-dims=\"1\" \/><\/p>\n<p><em><strong>\u2022 Entrega Mar\u00eda Elena Solana Calzada segunda etapa de pavimentaci\u00f3n en Francisco J. Moreno.<\/strong><\/em><\/p>\n<p>San Andr\u00e9s Tuxtla, Ver.- \u201cSeguimos en la ruta de la transformaci\u00f3n de San Andr\u00e9s Tuxtla y sus comunidades. En Francisco J. Moreno inauguramos la segunda etapa de su calle principal, consolidando el bienestar y el desarrollo para esta localidad. Esta obra se suma a los compromisos y logros cumplidos con el trabajo conjunto y la aprobaci\u00f3n un\u00e1nime del paquete de obras que hacemos desde la presidencia, regidores y todos los que conformamos el Gobierno Municipal desde el cabildo\u201d, coment\u00f3 la alcaldesa sanandrescana, la doctora Mar\u00eda Elena Solana Calzada, durante la inauguraci\u00f3n de esta obra de mejora vial en su segunda fase.<\/p>\n<p><img loading=\"lazy\" decoding=\"async\" class=\"aligncenter size-medium wp-image-102132\" src=\"https:\/\/i0.wp.com\/www.noticiasperfil.com\/index\/wp-content\/uploads\/2023\/08\/solana-calle-02-660x365.jpg?resize=640%2C354&#038;ssl=1\" alt=\"\" width=\"640\" height=\"354\" data-recalc-dims=\"1\" \/><\/p>\n<p>Con la asistencia los regidores Abelardo Javier Ortiz Navarrete, Ximena Tress Fadanelli y Omar Mart\u00ednez Arana, recibidos por habitantes de la comunidad de Francisco J. Morena, la Presidenta Municipal de San Andr\u00e9s Tuxtla, Mar\u00eda Elena Solana Calzada, inaugur\u00f3 la segunda etapa de la calle principal con la que se avanza en el compromiso de urbanizar el acceso a esta localidad.<\/p>\n<p><img loading=\"lazy\" decoding=\"async\" class=\"aligncenter size-medium wp-image-102133\" src=\"https:\/\/i1.wp.com\/www.noticiasperfil.com\/index\/wp-content\/uploads\/2023\/08\/solana-calle-03-660x365.jpg?resize=640%2C354&#038;ssl=1\" alt=\"\" width=\"640\" height=\"354\" data-recalc-dims=\"1\" \/><\/p>\n<p>Ah\u00ed la doctora reiter\u00f3 que todas las obras del paquete correspondiente a este a\u00f1o, se realizaron en atenci\u00f3n a la prioridad manifestada por los habitantes de cada comunidad donde se hicieron trabajos en materia de caminos.<\/p>\n<p><img loading=\"lazy\" decoding=\"async\" class=\"aligncenter size-medium wp-image-102134\" src=\"https:\/\/i2.wp.com\/www.noticiasperfil.com\/index\/wp-content\/uploads\/2023\/08\/solana-calle-04-660x365.jpg?resize=640%2C354&#038;ssl=1\" alt=\"\" width=\"640\" height=\"354\" data-recalc-dims=\"1\" \/><\/p>\n<p>Para esta obra se invirtieron 4 millones 986 mil 815.55 pesos, cubriendo una extensi\u00f3n de 2 mil 20.61 metros, beneficiando de manera directa a 225 familias y de manera indirecta a todas las comunidades vecinas que ahora disfrutar\u00e1n de un acceso principal digno y eficiente.<\/p>\n<p><img loading=\"lazy\" decoding=\"async\" class=\"aligncenter size-medium wp-image-102135\" src=\"https:\/\/i0.wp.com\/www.noticiasperfil.com\/index\/wp-content\/uploads\/2023\/08\/solana-calle-05-660x365.jpg?resize=640%2C354&#038;ssl=1\" alt=\"\" width=\"640\" height=\"354\" data-recalc-dims=\"1\" \/><\/p>\n","protected":false},"excerpt":{"rendered":"<p>\u2022 Entrega Mar\u00eda Elena Solana Calzada segunda etapa de pavimentaci\u00f3n en Francisco J. Moreno. San Andr\u00e9s Tuxtla, Ver.- \u201cSeguimos en la ruta de la transformaci\u00f3n de San Andr\u00e9s Tuxtla y sus comunidades. En Francisco J. Moreno inauguramos la segunda etapa de su calle principal, consolidando el bienestar y el desarrollo para esta localidad. Esta obra se suma a los compromisos y logros cumplidos con el trabajo conjunto y la aprobaci\u00f3n un\u00e1nime del paquete de obras que hacemos desde la presidencia, regidores y todos los que conformamos el Gobierno Municipal desde&hellip;<\/p>\n","protected":false},"author":1,"featured_media":0,"comment_status":"open","ping_status":"closed","sticky":false,"template":"","format":"standard","meta":{"footnotes":""},"categories":[3,12],"tags":[7966],"class_list":["post-102130","post","type-post","status-publish","format-standard","hentry","category-destacadas","category-san-andres-tuxtla","tag-maria-elena-solana-calzada"],"jetpack-related-posts":[],"_links":{"self":[{"href":"https:\/\/www.noticiasperfil.com\/index\/wp-json\/wp\/v2\/posts\/102130","targetHints":{"allow":["GET"]}}],"collection":[{"href":"https:\/\/www.noticiasperfil.com\/index\/wp-json\/wp\/v2\/posts"}],"about":[{"href":"https:\/\/www.noticiasperfil.com\/index\/wp-json\/wp\/v2\/types\/post"}],"author":[{"embeddable":true,"href":"https:\/\/www.noticiasperfil.com\/index\/wp-json\/wp\/v2\/users\/1"}],"replies":[{"embeddable":true,"href":"https:\/\/www.noticiasperfil.com\/index\/wp-json\/wp\/v2\/comments?post=102130"}],"version-history":[{"count":1,"href":"https:\/\/www.noticiasperfil.com\/index\/wp-json\/wp\/v2\/posts\/102130\/revisions"}],"predecessor-version":[{"id":102136,"href":"https:\/\/www.noticiasperfil.com\/index\/wp-json\/wp\/v2\/posts\/102130\/revisions\/102136"}],"wp:attachment":[{"href":"https:\/\/www.noticiasperfil.com\/index\/wp-json\/wp\/v2\/media?parent=102130"}],"wp:term":[{"taxonomy":"category","embeddable":true,"href":"https:\/\/www.noticiasperfil.com\/index\/wp-json\/wp\/v2\/categories?post=102130"},{"taxonomy":"post_tag","embeddable":true,"href":"https:\/\/www.noticiasperfil.com\/index\/wp-json\/wp\/v2\/tags?post=102130"}],"curies":[{"name":"wp","href":"https:\/\/api.w.org\/{rel}","templated":true}]}}