{"id":102142,"date":"2023-08-23T13:58:16","date_gmt":"2023-08-23T18:58:16","guid":{"rendered":"https:\/\/www.noticiasperfil.com\/index\/?p=102142"},"modified":"2023-08-23T13:58:16","modified_gmt":"2023-08-23T18:58:16","slug":"beatriz-y-los-trasnochados","status":"publish","type":"post","link":"https:\/\/www.noticiasperfil.com\/index\/2023\/08\/23\/beatriz-y-los-trasnochados\/","title":{"rendered":"Beatriz y los trasnochados"},"content":{"rendered":"<p><img loading=\"lazy\" decoding=\"async\" class=\"aligncenter size-medium wp-image-93558\" src=\"https:\/\/i1.wp.com\/www.noticiasperfil.com\/index\/wp-content\/uploads\/2022\/10\/sergio-gonzalez-levet-300x218.jpg?resize=300%2C218&#038;ssl=1\" alt=\"\" width=\"300\" height=\"218\" data-recalc-dims=\"1\" \/><\/p>\n<p><strong>Sin Tacto\/Por Sergio Gonz\u00e1lez Levet.<\/strong><\/p>\n<p>El relativo posicionamiento que consigui\u00f3 la senadora Beatriz Paredes Rangel en el proceso de selecci\u00f3n para el coordinador del Frente Amplio por M\u00e9xico (muy aqu\u00ed entre nos, de quien ser\u00e1 la candidata) regres\u00f3 muchas ilusiones a un buen n\u00famero de priistas trasnochados que, como dijo Andr\u00e9s Manuel L\u00f3pez Obrador (y en \u00e9sta s\u00ed le atin\u00f3), pensaron que pod\u00edan volver a los d\u00edas de gloria en los que disfrutaban del dinero p\u00fablico a mansalva y de los puestos m\u00e1s jugosos a cambio de no hacer nada.<\/p>\n<p>Beatriz consigui\u00f3 de una manera sorpresiva un c\u00famulo de simpat\u00edas a su favor bastante considerable, con alrededor de 450 mil firmas, lo que hizo que muchos amigos y correligionarios suyos echaran las campanas al vuelo, pues se coloc\u00f3 en segundo lugar, solamente con cien mil simpatizantes menos que X\u00f3chitl G\u00e1lvez, que obtuvo 555 mil apoyos.<\/p>\n<p>Y desde el Comit\u00e9 Ejecutivo Nacional (l\u00e9ase, Alito Moreno) empezaron a manejar que en las encuestas ciudadanas pr\u00e1cticamente hab\u00eda empatado con la puntera entre quienes hab\u00edan sido consultados en su domicilio. No dijeron nada de que en las consultas telef\u00f3nicas X\u00f3chitl hab\u00eda arrasado, pero hab\u00eda que mantener el sue\u00f1o vivo.<\/p>\n<p>Despu\u00e9s, al pasar los tres contendientes de la etapa final, result\u00f3 que dos proven\u00edan del PAN, X\u00f3chitl y Santiago, y entonces empezaron a elucubrar que el voto panista se iba a dividir y el priista se iba a sumar por Beatriz, lo que le daba casi un triunfo seguro.<\/p>\n<p>Muchos ex alcaldes, ex diputados, ex secretarios de Estado, ex gobernadores y ex funcionarios de medio pelo y pelo completo del Revolucionario Institucional se empezaron a sentir nuevamente en los cuernos de la gloria y pusieron a trabajar la imaginaci\u00f3n para ensayar c\u00f3mo disfrutar\u00edan la fortuna vuelta una hija pr\u00f3diga.<\/p>\n<p>Peeeero, Santiago Creel renunci\u00f3 a su aspiraci\u00f3n y se baj\u00f3 de la contienda, con lo que quedaron Beatriz y X\u00f3chitl para sumar respectivamente los votos tricolores y blanquiazules. En esa suma, los n\u00fameros favorecen ligeramente a X\u00f3chitl, y los priistas pensaron y piensan que pod\u00edan remontar el marcador adverso.<\/p>\n<p>Lo que no han contado los valedores del otrora partido aplanadora son los votos ciudadanos, que representan m\u00e1s del 40 por ciento de las firmas registradas y est\u00e1n volcados en favor de la senadora G\u00e1lvez Ruiz.<\/p>\n<p>Para todos esos mexicanos sin partido que han visto renacer la esperanza con X\u00f3chitl los partidos no cuentan, y por el contrario son mal vistos, y su voto ser\u00e1 el decisivo.<\/p>\n<p>As\u00ed que el 3 de septiembre ser\u00e1 el primer ensayo triunfal del camino para regresar a trav\u00e9s de X\u00f3chitl el gobierno al pueblo, \u00e9se que tanto presumi\u00f3 AMLO que lo quer\u00eda a \u00e9l\u2026 y result\u00f3 una m\u00e1s de sus mentiras.<\/p>\n<p>&nbsp;<\/p>\n<p><a href=\"about:blank\">sglevet@gmail.com<\/a><\/p>\n","protected":false},"excerpt":{"rendered":"<p>Sin Tacto\/Por Sergio Gonz\u00e1lez Levet. El relativo posicionamiento que consigui\u00f3 la senadora Beatriz Paredes Rangel en el proceso de selecci\u00f3n para el coordinador del Frente Amplio por M\u00e9xico (muy aqu\u00ed entre nos, de quien ser\u00e1 la candidata) regres\u00f3 muchas ilusiones a un buen n\u00famero de priistas trasnochados que, como dijo Andr\u00e9s Manuel L\u00f3pez Obrador (y en \u00e9sta s\u00ed le atin\u00f3), pensaron que pod\u00edan volver a los d\u00edas de gloria en los que disfrutaban del dinero p\u00fablico a mansalva y de los puestos m\u00e1s jugosos a cambio de no hacer nada.&hellip;<\/p>\n","protected":false},"author":1,"featured_media":0,"comment_status":"open","ping_status":"closed","sticky":false,"template":"","format":"standard","meta":{"footnotes":""},"categories":[8,14],"tags":[1332],"class_list":["post-102142","post","type-post","status-publish","format-standard","hentry","category-opinion","category-sin-tacto","tag-sergio-gonzalez-levet"],"jetpack-related-posts":[],"_links":{"self":[{"href":"https:\/\/www.noticiasperfil.com\/index\/wp-json\/wp\/v2\/posts\/102142","targetHints":{"allow":["GET"]}}],"collection":[{"href":"https:\/\/www.noticiasperfil.com\/index\/wp-json\/wp\/v2\/posts"}],"about":[{"href":"https:\/\/www.noticiasperfil.com\/index\/wp-json\/wp\/v2\/types\/post"}],"author":[{"embeddable":true,"href":"https:\/\/www.noticiasperfil.com\/index\/wp-json\/wp\/v2\/users\/1"}],"replies":[{"embeddable":true,"href":"https:\/\/www.noticiasperfil.com\/index\/wp-json\/wp\/v2\/comments?post=102142"}],"version-history":[{"count":2,"href":"https:\/\/www.noticiasperfil.com\/index\/wp-json\/wp\/v2\/posts\/102142\/revisions"}],"predecessor-version":[{"id":102144,"href":"https:\/\/www.noticiasperfil.com\/index\/wp-json\/wp\/v2\/posts\/102142\/revisions\/102144"}],"wp:attachment":[{"href":"https:\/\/www.noticiasperfil.com\/index\/wp-json\/wp\/v2\/media?parent=102142"}],"wp:term":[{"taxonomy":"category","embeddable":true,"href":"https:\/\/www.noticiasperfil.com\/index\/wp-json\/wp\/v2\/categories?post=102142"},{"taxonomy":"post_tag","embeddable":true,"href":"https:\/\/www.noticiasperfil.com\/index\/wp-json\/wp\/v2\/tags?post=102142"}],"curies":[{"name":"wp","href":"https:\/\/api.w.org\/{rel}","templated":true}]}}