{"id":102145,"date":"2023-08-23T14:07:02","date_gmt":"2023-08-23T19:07:02","guid":{"rendered":"https:\/\/www.noticiasperfil.com\/index\/?p=102145"},"modified":"2023-08-23T14:07:02","modified_gmt":"2023-08-23T19:07:02","slug":"quien-califica-a-los-fiscales","status":"publish","type":"post","link":"https:\/\/www.noticiasperfil.com\/index\/2023\/08\/23\/quien-califica-a-los-fiscales\/","title":{"rendered":"\u00bfQui\u00e9n califica a los fiscales?"},"content":{"rendered":"<p><img loading=\"lazy\" decoding=\"async\" class=\"aligncenter size-medium wp-image-93561\" src=\"https:\/\/i2.wp.com\/www.noticiasperfil.com\/index\/wp-content\/uploads\/2022\/10\/punto-de-vista-300x198.jpg?resize=300%2C198&#038;ssl=1\" alt=\"\" width=\"300\" height=\"198\" data-recalc-dims=\"1\" \/><\/p>\n<p><strong>Punto de Vista\/Por Filiberto Vargas Rodr\u00edguez.<\/strong><\/p>\n<p class=\"x_MsoNormal\"><strong class=\"x_ContentPasted0\">Prefacio.\u00a0<\/strong><\/p>\n<p class=\"x_MsoNormal x_ContentPasted0\">Y de pronto se decidi\u00f3 a salir. *** Al final, las encuestas (las serias, las que encarga para saber con exactitud d\u00f3nde se encuentra) convencieron a Roc\u00edo Nahle que ten\u00eda que caminar por Veracruz, si de verdad pretend\u00eda gobernar este estado. *** Una vez superados los inconvenientes jur\u00eddicos (la Carta Magna la faculta para competir por esta entidad, aunque no haya nacido aqu\u00ed) su tarea ahora es penetrar en el \u00e1nimo de los veracruzanos. *** Alguno de sus asesores vio como \u201cl\u00f3gico\u201d que la actual secretaria de Energ\u00eda llegara ofreciendo un \u201cajuste\u201d a las tarifas de energ\u00eda el\u00e9ctrica, a\u00f1eja demanda de los pobladores de esta entidad, que todos los pol\u00edticos han prometido atender, pero que hasta ahora no han cumplido. *** La secretaria de Energ\u00eda se reuni\u00f3 este martes con integrantes del Consejo Gastron\u00f3mico Veracruzano y ah\u00ed asegur\u00f3 que -por instrucciones del presidente, claro est\u00e1- \u201cse est\u00e1n analizando, en conjunto con la Comisi\u00f3n Nacional del Agua (Conagua), las tarifas el\u00e9ctricas de 2 mil 500 municipios del pa\u00eds\u201d y que en ese paquete est\u00e1n incluidos los municipios veracruzanos. *** Ante la solicitud de los empresarios de reducir las tarifas de energ\u00eda el\u00e9ctrica y apoyar as\u00ed al sector, Roc\u00edo Nahle habl\u00f3 de un programa de paneles solares dirigido a la iniciativa privada el cual ya se ha aplicado en varias entidades. *** Un primer contacto con un sector importante de Veracruz (el ramo tur\u00edstico), que permite anticipar que las visitas de la funcionaria zacatecana ser\u00e1n cada vez m\u00e1s frecuentes.<\/p>\n<p class=\"x_MsoNormal\" align=\"center\"><strong class=\"x_ContentPasted0\">* * *\u00a0<\/strong><\/p>\n<p class=\"x_MsoNormal x_ContentPasted0\">\u201cSi ten\u00e9is la fuerza, nos queda el derecho\u201d, dec\u00eda V\u00edctor Hugo.<\/p>\n<p class=\"x_MsoNormal x_ContentPasted0\">Desde el p\u00falpito que se mand\u00f3 construir, el presidente L\u00f3pez Obrador sigue -sin descanso- su ataque al Poder Judicial. Para \u00e9l, lo mismo que para quienes integran su s\u00e9quito, no hay m\u00e1s justicia que su palabra y no hay m\u00e1s ley que la que le favorezca.<\/p>\n<p class=\"x_MsoNormal x_ContentPasted0\">Esta vez le cedi\u00f3 la voz al subsecretario de Seguridad P\u00fablica, Luis Rodr\u00edguez Bucio, quien retom\u00f3 los se\u00f1alamientos del gobernador de Veracruz, Cuitl\u00e1huac Garc\u00eda (y de sus s\u00fabditos, los titulares en el estado de los Poderes Legislativo y Judicial) para denunciar la actuaci\u00f3n de jueces y magistrados federales, por \u201cvariar la prisi\u00f3n preventiva oficiosa de forma indiscriminada\u201d.<\/p>\n<p class=\"x_MsoNormal x_ContentPasted0\">Rodr\u00edguez Bucio dio los nombres y cargos de jueces federales que enfrentan denuncias penales o quejas ante el Consejo de la Judicatura, y detall\u00f3 ocho situaciones en las que las resoluciones judiciales han sido impugnadas por el Ministerio P\u00fablico, algunas de las cuales han sido avaladas por el Tribunal de alzada.<\/p>\n<p class=\"x_MsoNormal x_ContentPasted0\">El subsecretario tambi\u00e9n exhibi\u00f3 ocho casos que involucran a magistrados y jueces federales que se han opuesto a la aplicaci\u00f3n de la prisi\u00f3n preventiva oficiosa como medida cautelar en Veracruz.<\/p>\n<p class=\"x_MsoNormal x_ContentPasted0\">Sin embargo, todos esos ataques se han topado con una comunidad que entiende que la justicia no es un privilegio de los poderosos.<\/p>\n<p class=\"x_MsoNormal x_ContentPasted0\">La presidente del Colegio de Abogados de Veracruz, Rosario Guadalupe Gayot Lara, afirm\u00f3 que los jueces federales no est\u00e1n liberando a los delincuentes, ya que s\u00f3lo est\u00e1n siguiendo lo que dicta la Constituci\u00f3n, y llam\u00f3 a las autoridades a revisar la actuaci\u00f3n de los fiscales.<\/p>\n<p class=\"x_MsoNormal x_ContentPasted0\">Gayot Lara advirti\u00f3 que exhibir a los jueces por dejar en libertad a presuntos delincuentes, no es correcto, ya que est\u00e1n invadiendo la autonom\u00eda que tienen los juzgadores y el respeto a la Constituci\u00f3n de M\u00e9xico.<\/p>\n<p class=\"x_MsoNormal x_ContentPasted0\">\u201cSe debe de respetar la autonom\u00eda del Poder Judicial Federal, pues \u00e9ste act\u00faa apegado a derecho; estas liberaciones que se est\u00e1n dando son apegadas a derecho, de ninguna manera el Poder Judicial Federal va a emitir resoluciones sin que realmente tengan derecho a ello\u201d, afirm\u00f3.<\/p>\n<p class=\"x_MsoNormal x_ContentPasted0\">En cuanto a que hayan sido puestos en libertad individuos bajo sospecha de incurrir en actividades delictivas, la abogada indic\u00f3 que en muchas ocasiones las fiscal\u00edas integran los expedientes de manera deficiente, lo que genera fallas en el debido proceso penal.<\/p>\n<p class=\"x_MsoNormal x_ContentPasted0\">\u201cEn materia penal todo se inicia con una carpeta de investigaci\u00f3n y corre a cargo de la fiscal\u00eda, la que debe integrarla debidamente para que no haya situaciones que permitan la liberaci\u00f3n de los implicados; esa parte no se dice, si en un proceso no se cumple cada etapa, obviamente dar\u00e1 lugar a la absoluci\u00f3n\u201d.<\/p>\n<p class=\"x_MsoNormal x_ContentPasted0\">Bien dec\u00eda el historiador ingl\u00e9s Thomas Macaulay: \u201cUna buena Constituci\u00f3n es infinitamente mejor que el mejor d\u00e9spota\u201d.<\/p>\n<p class=\"x_MsoNormal\" align=\"center\"><strong class=\"x_ContentPasted0\">* * *\u00a0<\/strong><\/p>\n<p class=\"x_MsoNormal\"><strong class=\"x_ContentPasted0\">Ep\u00edlogo.\u00a0<\/strong><\/p>\n<p class=\"x_MsoNormal x_ContentPasted0\">Y finalmente Fuerza por M\u00e9xico Veracruz consigui\u00f3 la ratificaci\u00f3n oficial de su registro en Veracruz, con lo que se convierte en el \u00fanico partido estatal. *** Fuerza por M\u00e9xico demostr\u00f3 que consigui\u00f3 21 mil 027 nuevas afiliaciones, con lo que super\u00f3 el m\u00ednimo requerido, lo que le permite asegurar su participaci\u00f3n en el proceso electoral del 2024. *** El Instituto Nacional Electoral (INE) valid\u00f3 y aprob\u00f3 el proceso de afiliaci\u00f3n de Fuerza por M\u00e9xico en Veracruz, proceso que fue sometido a la evaluaci\u00f3n y aprobaci\u00f3n de los integrantes del OPLE. *** Las afiliaciones de este partido se distribuyeron en 203 municipios, con lo que cumpli\u00f3 con el requisito de contar con afiliaciones en al menos 141 municipios, que equivalen a las dos terceras partes del territorio estatal. *** Cuando la violencia se sale de control, tarde o temprano termina afectando a los \u201cde casa\u201d. *** El pasado domingo, en Catemaco, fue baleado Pedro Rafael Mart\u00ednez Organista, alias \u201cEl Tribi\u201d. *** Su prima, la regidora primera de aquel ayuntamiento, la morenista Ana Cristina Mart\u00ednez Azamar, confirm\u00f3 este martes su fallecimiento. *** Luego del ataque sufrido el pasado domingo, \u201cEl Tribi\u201d fue trasladado al Hospital Civil de Catemaco, sin embargo, su prima, la regidora, busc\u00f3 trasladarlo a un hospital privado. Todo fue in\u00fatil, pues este martes se inform\u00f3 de su fallecimiento.<\/p>\n<p class=\"x_MsoNormal\"><a id=\"LPlnkOWA2da1f274-4e46-a172-b757-0948d6245d73\" class=\"x_OWAAutoLink x_ContentPasted0\" data-linkindex=\"0\"><\/a>filivargas@gmail.com<\/p>\n","protected":false},"excerpt":{"rendered":"<p>Punto de Vista\/Por Filiberto Vargas Rodr\u00edguez. Prefacio.\u00a0 Y de pronto se decidi\u00f3 a salir. *** Al final, las encuestas (las serias, las que encarga para saber con exactitud d\u00f3nde se encuentra) convencieron a Roc\u00edo Nahle que ten\u00eda que caminar por Veracruz, si de verdad pretend\u00eda gobernar este estado. *** Una vez superados los inconvenientes jur\u00eddicos (la Carta Magna la faculta para competir por esta entidad, aunque no haya nacido aqu\u00ed) su tarea ahora es penetrar en el \u00e1nimo de los veracruzanos. *** Alguno de sus asesores vio como \u201cl\u00f3gico\u201d que&hellip;<\/p>\n","protected":false},"author":1,"featured_media":0,"comment_status":"open","ping_status":"closed","sticky":false,"template":"","format":"standard","meta":{"footnotes":""},"categories":[8,4031],"tags":[4032],"class_list":["post-102145","post","type-post","status-publish","format-standard","hentry","category-opinion","category-punto-de-vista","tag-filiberto-vargas-rodriguez"],"jetpack-related-posts":[],"_links":{"self":[{"href":"https:\/\/www.noticiasperfil.com\/index\/wp-json\/wp\/v2\/posts\/102145","targetHints":{"allow":["GET"]}}],"collection":[{"href":"https:\/\/www.noticiasperfil.com\/index\/wp-json\/wp\/v2\/posts"}],"about":[{"href":"https:\/\/www.noticiasperfil.com\/index\/wp-json\/wp\/v2\/types\/post"}],"author":[{"embeddable":true,"href":"https:\/\/www.noticiasperfil.com\/index\/wp-json\/wp\/v2\/users\/1"}],"replies":[{"embeddable":true,"href":"https:\/\/www.noticiasperfil.com\/index\/wp-json\/wp\/v2\/comments?post=102145"}],"version-history":[{"count":1,"href":"https:\/\/www.noticiasperfil.com\/index\/wp-json\/wp\/v2\/posts\/102145\/revisions"}],"predecessor-version":[{"id":102146,"href":"https:\/\/www.noticiasperfil.com\/index\/wp-json\/wp\/v2\/posts\/102145\/revisions\/102146"}],"wp:attachment":[{"href":"https:\/\/www.noticiasperfil.com\/index\/wp-json\/wp\/v2\/media?parent=102145"}],"wp:term":[{"taxonomy":"category","embeddable":true,"href":"https:\/\/www.noticiasperfil.com\/index\/wp-json\/wp\/v2\/categories?post=102145"},{"taxonomy":"post_tag","embeddable":true,"href":"https:\/\/www.noticiasperfil.com\/index\/wp-json\/wp\/v2\/tags?post=102145"}],"curies":[{"name":"wp","href":"https:\/\/api.w.org\/{rel}","templated":true}]}}