{"id":102147,"date":"2023-08-23T14:21:52","date_gmt":"2023-08-23T19:21:52","guid":{"rendered":"https:\/\/www.noticiasperfil.com\/index\/?p=102147"},"modified":"2023-08-23T14:21:52","modified_gmt":"2023-08-23T19:21:52","slug":"por-su-labor-politica-amenazas-a-diputado-cazarin-informa-cuitlahuac","status":"publish","type":"post","link":"https:\/\/www.noticiasperfil.com\/index\/2023\/08\/23\/por-su-labor-politica-amenazas-a-diputado-cazarin-informa-cuitlahuac\/","title":{"rendered":"\u00abPor su labor pol\u00edtica\u00bb amenazas a diputado Cazar\u00edn, informa Cuitl\u00e1huac"},"content":{"rendered":"<p><img loading=\"lazy\" decoding=\"async\" class=\"aligncenter size-medium wp-image-102148\" src=\"https:\/\/i0.wp.com\/www.noticiasperfil.com\/index\/wp-content\/uploads\/2023\/08\/cuitlahuac-garcia-jimenez-1-660x365.jpg?resize=640%2C354&#038;ssl=1\" alt=\"\" width=\"640\" height=\"354\" data-recalc-dims=\"1\" \/><\/p>\n<ul>\n<li><em><strong>\u00abNuestra labor politica incomoda a algunos grupos y por eso trae escoltas\u00bb, se refiri\u00f3 el gobernador sobre el presidente de la JUCOPO.<\/strong><\/em><\/li>\n<\/ul>\n<p>Xalapa, Ver.- El gobernador Cuitl\u00e1huac Garc\u00eda Jim\u00e9nez, aclar\u00f3 que \u00abno es por la inseguridad\u00bb sino por su labor politica la raz\u00f3n de las amenazas de muerte en contra del diputado local Juan Javier G\u00f3mez Cazar\u00edn.<\/p>\n<p>De ah\u00ed la raz\u00f3n por la que reforz\u00f3 su seguridad con personal especial.<\/p>\n<p>\u00abNuestra labor politica incomoda a algunos grupos y por eso trae escoltas.\u00bb<\/p>\n<p>En conferencia de prensa, el gobernador Cuitl\u00e1huac Garc\u00eda Jim\u00e9nez, Garc\u00eda Jim\u00e9nez, agreg\u00f3 que la labor del diputado Cazar\u00edn no es sencilla y seguramente ha de tener alg\u00fan tipo de amenaza, pero no es por la inseguridad.<\/p>\n<p>\u00abEl mensaje a los veracruzanos es que vamos muy bien, s\u00ed tenemos algunos hechos lamentables sobre los cuales actuamos, no nos cruzamos de brazos, no hay impunidad y, van en disminuci\u00f3n en el lapso de tiempo\u00bb.<\/p>\n<p>En ese sentido, el gobernador Cuitl\u00e1huac Garc\u00eda Jim\u00e9nez, neg\u00f3 que las declaraciones del presidente de la Junta de Coordinaci\u00f3n Pol\u00edtica (Jucopo), Juan Javier G\u00f3mez Cazar\u00edn est\u00e9n relacionados con la \u00abinseguridad\u00bb del Estado, son m\u00e1s bien por amenazas que quiz\u00e1 le hayan hecho.<\/p>\n<p>Hay que recordar que el diputado morenista Juan Javier G\u00f3mez Cazar\u00edn, asegur\u00f3 que se han creado medios de comunicaci\u00f3n para atacar su imagen y que por ello contrat\u00f3 m\u00e1s escoltas porque teme por su vida.<\/p>\n","protected":false},"excerpt":{"rendered":"<p>\u00abNuestra labor politica incomoda a algunos grupos y por eso trae escoltas\u00bb, se refiri\u00f3 el gobernador sobre el presidente de la JUCOPO. Xalapa, Ver.- El gobernador Cuitl\u00e1huac Garc\u00eda Jim\u00e9nez, aclar\u00f3 que \u00abno es por la inseguridad\u00bb sino por su labor politica la raz\u00f3n de las amenazas de muerte en contra del diputado local Juan Javier G\u00f3mez Cazar\u00edn. De ah\u00ed la raz\u00f3n por la que reforz\u00f3 su seguridad con personal especial. \u00abNuestra labor politica incomoda a algunos grupos y por eso trae escoltas.\u00bb En conferencia de prensa, el gobernador Cuitl\u00e1huac Garc\u00eda&hellip;<\/p>\n","protected":false},"author":1,"featured_media":0,"comment_status":"open","ping_status":"closed","sticky":false,"template":"","format":"standard","meta":{"footnotes":""},"categories":[3,4],"tags":[339,4842],"class_list":["post-102147","post","type-post","status-publish","format-standard","hentry","category-destacadas","category-estatal","tag-cuitlahuac-garcia-jimenez","tag-juan-javier-gomez-cazarin"],"jetpack-related-posts":[],"_links":{"self":[{"href":"https:\/\/www.noticiasperfil.com\/index\/wp-json\/wp\/v2\/posts\/102147","targetHints":{"allow":["GET"]}}],"collection":[{"href":"https:\/\/www.noticiasperfil.com\/index\/wp-json\/wp\/v2\/posts"}],"about":[{"href":"https:\/\/www.noticiasperfil.com\/index\/wp-json\/wp\/v2\/types\/post"}],"author":[{"embeddable":true,"href":"https:\/\/www.noticiasperfil.com\/index\/wp-json\/wp\/v2\/users\/1"}],"replies":[{"embeddable":true,"href":"https:\/\/www.noticiasperfil.com\/index\/wp-json\/wp\/v2\/comments?post=102147"}],"version-history":[{"count":1,"href":"https:\/\/www.noticiasperfil.com\/index\/wp-json\/wp\/v2\/posts\/102147\/revisions"}],"predecessor-version":[{"id":102149,"href":"https:\/\/www.noticiasperfil.com\/index\/wp-json\/wp\/v2\/posts\/102147\/revisions\/102149"}],"wp:attachment":[{"href":"https:\/\/www.noticiasperfil.com\/index\/wp-json\/wp\/v2\/media?parent=102147"}],"wp:term":[{"taxonomy":"category","embeddable":true,"href":"https:\/\/www.noticiasperfil.com\/index\/wp-json\/wp\/v2\/categories?post=102147"},{"taxonomy":"post_tag","embeddable":true,"href":"https:\/\/www.noticiasperfil.com\/index\/wp-json\/wp\/v2\/tags?post=102147"}],"curies":[{"name":"wp","href":"https:\/\/api.w.org\/{rel}","templated":true}]}}