{"id":102150,"date":"2023-08-23T14:44:04","date_gmt":"2023-08-23T19:44:04","guid":{"rendered":"https:\/\/www.noticiasperfil.com\/index\/?p=102150"},"modified":"2023-08-23T14:44:04","modified_gmt":"2023-08-23T19:44:04","slug":"alcaldesa-y-ediles-de-san-andres-tuxtla-inauguran-calle-en-la-colonia-20-de-noviembre","status":"publish","type":"post","link":"https:\/\/www.noticiasperfil.com\/index\/2023\/08\/23\/alcaldesa-y-ediles-de-san-andres-tuxtla-inauguran-calle-en-la-colonia-20-de-noviembre\/","title":{"rendered":"Alcaldesa y ediles de San Andr\u00e9s Tuxtla inauguran calle en la Colonia 20 de Noviembre"},"content":{"rendered":"<p><img loading=\"lazy\" decoding=\"async\" class=\"aligncenter size-medium wp-image-102151\" src=\"https:\/\/i0.wp.com\/www.noticiasperfil.com\/index\/wp-content\/uploads\/2023\/08\/solana-10-mayo-01-660x365.jpg?resize=640%2C354&#038;ssl=1\" alt=\"\" width=\"640\" height=\"354\" data-recalc-dims=\"1\" \/><\/p>\n<p><em><strong>\u2022 La doctora Mar\u00eda Elena Solana Calzada fue recibida por vecinos de esta colonia para cortar el list\u00f3n en la reci\u00e9n pavimentada Calle 10 de Mayo.<\/strong><\/em><\/p>\n<p>San Andr\u00e9s Tuxtla, Ver.- Cumpliendo con el compromiso de entregar obras de calidad y llevar la urbanizaci\u00f3n a las colonias populares de la cabecera municipal, la Presidenta Municipal de San Andr\u00e9s Tuxtla, la doctora Mar\u00eda Elena Solana Calzada, acudi\u00f3 acompa\u00f1ada de miembros de su cabildo a la inauguraci\u00f3n de la obra de pavimentaci\u00f3n de la Calle 10 de Mayo en la Colonia 20 de Noviembre.<\/p>\n<p><img loading=\"lazy\" decoding=\"async\" class=\"aligncenter size-medium wp-image-102152\" src=\"https:\/\/i2.wp.com\/www.noticiasperfil.com\/index\/wp-content\/uploads\/2023\/08\/solana-10-mayo-02-660x365.jpg?resize=640%2C354&#038;ssl=1\" alt=\"\" width=\"640\" height=\"354\" data-recalc-dims=\"1\" \/><\/p>\n<p>Junto con los ediles Abelardo Javier Ortiz Navarrete, Ximena Tress Fadanelli, Omar Mart\u00ednez Arana y Concepci\u00f3n Carmona Caldela, la doctora Mar\u00eda Elena Solana Calzada, inaugur\u00f3 la pavimentaci\u00f3n con guarniciones y banquetas, en esta vialidad que contribuye a cerrar circuitos urbanos dentro de las colonias populares de este municipio, mejorando la calidad de vida de sus habitantes y de manera indirecta beneficiando a la ciudadan\u00eda en general al contribuir al desarrollo municipal de manera integral.<\/p>\n<p><img loading=\"lazy\" decoding=\"async\" class=\"aligncenter size-medium wp-image-102153\" src=\"https:\/\/i1.wp.com\/www.noticiasperfil.com\/index\/wp-content\/uploads\/2023\/08\/solana-10-mayo-03-660x365.jpg?resize=640%2C354&#038;ssl=1\" alt=\"\" width=\"640\" height=\"354\" data-recalc-dims=\"1\" \/><\/p>\n<p>Las autoridades fueron recibidas por Juana Garc\u00eda Jefa de Manzana, quien destac\u00f3 que la calle estaba en muy malas condiciones y por a\u00f1os se hab\u00eda solicitado esta obra sin respuesta, por lo que agradeci\u00f3 la atenci\u00f3n del Gobierno Municipal. Tambi\u00e9n intervino el se\u00f1or Jos\u00e9 Mart\u00ednez Cosme del Comit\u00e9 de Obras, quien agradeci\u00f3 los beneficios que esta administraci\u00f3n est\u00e1 dejando para los colonos de la 20 de Noviembre.<\/p>\n<p><img loading=\"lazy\" decoding=\"async\" class=\"aligncenter size-medium wp-image-102154\" src=\"https:\/\/i0.wp.com\/www.noticiasperfil.com\/index\/wp-content\/uploads\/2023\/08\/solana-10-mayo-04-660x365.jpg?resize=640%2C354&#038;ssl=1\" alt=\"\" width=\"640\" height=\"354\" data-recalc-dims=\"1\" \/><\/p>\n<p>Para esta obra se invirtieron 1 mill\u00f3n 720 mil 693.60 pesos, cubriendo una extensi\u00f3n de 1,043.92 metros, beneficiando de manera directa a 60 familias y de manera indirecta a todas las comunidades vecinas que ahora disfrutar\u00e1n de un acceso principal digno y eficiente.<\/p>\n<p><img loading=\"lazy\" decoding=\"async\" class=\"aligncenter size-medium wp-image-102155\" src=\"https:\/\/i0.wp.com\/www.noticiasperfil.com\/index\/wp-content\/uploads\/2023\/08\/solana-10-mayo-05-660x365.jpg?resize=640%2C354&#038;ssl=1\" alt=\"\" width=\"640\" height=\"354\" data-recalc-dims=\"1\" \/><\/p>\n<p>En este acto acompa\u00f1aron a la alcaldesa, agentes municipales de las comunidades de Santa Rosa de Abata, Matacapan, Nompita, Cerro de las Iguanas, Emiliano Zapata y Texalpan de Arriba, quienes han sido testigos del trabajo realizado por la administraci\u00f3n municipal en la cabecera y comunidades de San Andr\u00e9s Tuxtla.<\/p>\n<p><img loading=\"lazy\" decoding=\"async\" class=\"aligncenter size-medium wp-image-102156\" src=\"https:\/\/i2.wp.com\/www.noticiasperfil.com\/index\/wp-content\/uploads\/2023\/08\/solana-10-mayo-06-660x365.jpg?resize=640%2C354&#038;ssl=1\" alt=\"\" width=\"640\" height=\"354\" data-recalc-dims=\"1\" \/><\/p>\n","protected":false},"excerpt":{"rendered":"<p>\u2022 La doctora Mar\u00eda Elena Solana Calzada fue recibida por vecinos de esta colonia para cortar el list\u00f3n en la reci\u00e9n pavimentada Calle 10 de Mayo. San Andr\u00e9s Tuxtla, Ver.- Cumpliendo con el compromiso de entregar obras de calidad y llevar la urbanizaci\u00f3n a las colonias populares de la cabecera municipal, la Presidenta Municipal de San Andr\u00e9s Tuxtla, la doctora Mar\u00eda Elena Solana Calzada, acudi\u00f3 acompa\u00f1ada de miembros de su cabildo a la inauguraci\u00f3n de la obra de pavimentaci\u00f3n de la Calle 10 de Mayo en la Colonia 20 de&hellip;<\/p>\n","protected":false},"author":1,"featured_media":0,"comment_status":"open","ping_status":"closed","sticky":false,"template":"","format":"standard","meta":{"footnotes":""},"categories":[3,12],"tags":[7966],"class_list":["post-102150","post","type-post","status-publish","format-standard","hentry","category-destacadas","category-san-andres-tuxtla","tag-maria-elena-solana-calzada"],"jetpack-related-posts":[],"_links":{"self":[{"href":"https:\/\/www.noticiasperfil.com\/index\/wp-json\/wp\/v2\/posts\/102150","targetHints":{"allow":["GET"]}}],"collection":[{"href":"https:\/\/www.noticiasperfil.com\/index\/wp-json\/wp\/v2\/posts"}],"about":[{"href":"https:\/\/www.noticiasperfil.com\/index\/wp-json\/wp\/v2\/types\/post"}],"author":[{"embeddable":true,"href":"https:\/\/www.noticiasperfil.com\/index\/wp-json\/wp\/v2\/users\/1"}],"replies":[{"embeddable":true,"href":"https:\/\/www.noticiasperfil.com\/index\/wp-json\/wp\/v2\/comments?post=102150"}],"version-history":[{"count":1,"href":"https:\/\/www.noticiasperfil.com\/index\/wp-json\/wp\/v2\/posts\/102150\/revisions"}],"predecessor-version":[{"id":102157,"href":"https:\/\/www.noticiasperfil.com\/index\/wp-json\/wp\/v2\/posts\/102150\/revisions\/102157"}],"wp:attachment":[{"href":"https:\/\/www.noticiasperfil.com\/index\/wp-json\/wp\/v2\/media?parent=102150"}],"wp:term":[{"taxonomy":"category","embeddable":true,"href":"https:\/\/www.noticiasperfil.com\/index\/wp-json\/wp\/v2\/categories?post=102150"},{"taxonomy":"post_tag","embeddable":true,"href":"https:\/\/www.noticiasperfil.com\/index\/wp-json\/wp\/v2\/tags?post=102150"}],"curies":[{"name":"wp","href":"https:\/\/api.w.org\/{rel}","templated":true}]}}