{"id":102158,"date":"2023-08-23T17:57:20","date_gmt":"2023-08-23T22:57:20","guid":{"rendered":"https:\/\/www.noticiasperfil.com\/index\/?p=102158"},"modified":"2023-08-23T17:57:20","modified_gmt":"2023-08-23T22:57:20","slug":"ante-la-fge-denunciara-gomez-cazarin-campana-de-intimidacion-en-su-contra","status":"publish","type":"post","link":"https:\/\/www.noticiasperfil.com\/index\/2023\/08\/23\/ante-la-fge-denunciara-gomez-cazarin-campana-de-intimidacion-en-su-contra\/","title":{"rendered":"Ante la FGE denunciar\u00e1 G\u00f3mez Cazar\u00edn campa\u00f1a de intimidaci\u00f3n en su contra"},"content":{"rendered":"<p><img loading=\"lazy\" decoding=\"async\" class=\"aligncenter size-medium wp-image-102159\" src=\"https:\/\/i0.wp.com\/www.noticiasperfil.com\/index\/wp-content\/uploads\/2023\/08\/javier-gomez-cazarin-1-660x365.jpg?resize=640%2C354&#038;ssl=1\" alt=\"\" width=\"640\" height=\"354\" data-recalc-dims=\"1\" \/><\/p>\n<ul>\n<li><em><strong>A trav\u00e9s de portales pseudonoticiosos han destinado m\u00e1s de 500 mil pesos para denostar y calumniar a su persona y seres queridos, acus\u00f3.<\/strong><\/em><\/li>\n<\/ul>\n<p>Xalapa, Ver.- La campa\u00f1a de intimidaci\u00f3n y denostaci\u00f3n que se paga a trav\u00e9s de pseudop\u00e1ginas de noticias en redes sociales ser\u00e1 denunciada por el diputado local Juan Javier G\u00f3mez Cazar\u00edn, a fin de que la Fiscal\u00eda General del Estado finque responsabilidades a quienes, a trav\u00e9s de la calumnia y la difamaci\u00f3n, ponen en riesgo su integridad y de sus familiares.<\/p>\n<p>G\u00f3mez Cazar\u00edn estim\u00f3 que quienes patrocinan esta campa\u00f1a han invertido m\u00e1s de 500 mil pesos en p\u00e1ginas de reciente creaci\u00f3n, a trav\u00e9s de las cuales alteran, sacan de contexto y modifican su antojo sucesos pasados que no tienen nada que ver con la labor legislativa actual, como aquel donde pretenden relacionarlo con el ex gobernador Javier Duarte.<\/p>\n<p>\u201cEs una foto que sacan de contexto. Si caminamos junto a Duartes es porque lo obligamos a visitar la comunidad El Sauzal, en el 2015, afectada por intensas lluvias en Hueyapan de Ocampo; no quer\u00eda ir y el regidor y yo lo forzamos. Lo que no sabe esta gente que paga todo esto es que a m\u00ed me vale sombrilla lo que digan de m\u00ed, ya se los dije, s\u00e9 qui\u00e9n soy, no me voy a poner a discutir con ellos, porque s\u00e9 que mi trabajo tiene que ser siempre en favor del pueblo y de manera frontal\u201d, expres\u00f3.<\/p>\n<p>E indic\u00f3 que tan s\u00f3lo por esta foto, una pseudop\u00e1gina de noticias ha invertido m\u00e1s de 250 mil pesos para promocionarla en redes sociales, independientemente de otras notas calumniosas tambi\u00e9n pagadas.<\/p>\n<p>En entrevista dentro del programa \u201cLa Radio en el Congreso\u201d, el diputado Juan Javier G\u00f3mez Cazar\u00edn, presidente de la Junta de Coordinaci\u00f3n Pol\u00edtica (JUCOPO), del Congreso local, puntualiz\u00f3 que al traspasar el plano pol\u00edtico por este tipo de campa\u00f1as negras se ha visto en la necesidad de procurar su seguridad y el de las personas que quiere.<br \/>\n\u201cNo es algo de mi agrado, siempre iba solo, pero al ver este tipo de situaciones y acciones est\u00e1 en peligro mi integridad\u201d, puntualiz\u00f3.<\/p>\n<p>De igual forma, dej\u00f3 en claro que parte de esta campa\u00f1a negra pretende crear una supuesta confrontaci\u00f3n personal y pol\u00edtica con el secretario de Gobierno, Eric Cisneros Burgos, la cual s\u00f3lo existe en esas mentes perversas.<\/p>\n<p>Y precis\u00f3: \u201cme quieren confrontar con \u00e9l, no tengo ning\u00fan problema con el Secretario de Gobierno, con quien si bien no tengo una gran amistad, es alguien a quien veo como compa\u00f1ero de trabajo y con quien colaboramos de manera respetuosa desde las esferas que nos corresponden\u201d.<\/p>\n","protected":false},"excerpt":{"rendered":"<p>A trav\u00e9s de portales pseudonoticiosos han destinado m\u00e1s de 500 mil pesos para denostar y calumniar a su persona y seres queridos, acus\u00f3. Xalapa, Ver.- La campa\u00f1a de intimidaci\u00f3n y denostaci\u00f3n que se paga a trav\u00e9s de pseudop\u00e1ginas de noticias en redes sociales ser\u00e1 denunciada por el diputado local Juan Javier G\u00f3mez Cazar\u00edn, a fin de que la Fiscal\u00eda General del Estado finque responsabilidades a quienes, a trav\u00e9s de la calumnia y la difamaci\u00f3n, ponen en riesgo su integridad y de sus familiares. G\u00f3mez Cazar\u00edn estim\u00f3 que quienes patrocinan esta&hellip;<\/p>\n","protected":false},"author":1,"featured_media":0,"comment_status":"open","ping_status":"closed","sticky":false,"template":"","format":"standard","meta":{"footnotes":""},"categories":[3,4],"tags":[4842],"class_list":["post-102158","post","type-post","status-publish","format-standard","hentry","category-destacadas","category-estatal","tag-juan-javier-gomez-cazarin"],"jetpack-related-posts":[],"_links":{"self":[{"href":"https:\/\/www.noticiasperfil.com\/index\/wp-json\/wp\/v2\/posts\/102158","targetHints":{"allow":["GET"]}}],"collection":[{"href":"https:\/\/www.noticiasperfil.com\/index\/wp-json\/wp\/v2\/posts"}],"about":[{"href":"https:\/\/www.noticiasperfil.com\/index\/wp-json\/wp\/v2\/types\/post"}],"author":[{"embeddable":true,"href":"https:\/\/www.noticiasperfil.com\/index\/wp-json\/wp\/v2\/users\/1"}],"replies":[{"embeddable":true,"href":"https:\/\/www.noticiasperfil.com\/index\/wp-json\/wp\/v2\/comments?post=102158"}],"version-history":[{"count":1,"href":"https:\/\/www.noticiasperfil.com\/index\/wp-json\/wp\/v2\/posts\/102158\/revisions"}],"predecessor-version":[{"id":102160,"href":"https:\/\/www.noticiasperfil.com\/index\/wp-json\/wp\/v2\/posts\/102158\/revisions\/102160"}],"wp:attachment":[{"href":"https:\/\/www.noticiasperfil.com\/index\/wp-json\/wp\/v2\/media?parent=102158"}],"wp:term":[{"taxonomy":"category","embeddable":true,"href":"https:\/\/www.noticiasperfil.com\/index\/wp-json\/wp\/v2\/categories?post=102158"},{"taxonomy":"post_tag","embeddable":true,"href":"https:\/\/www.noticiasperfil.com\/index\/wp-json\/wp\/v2\/tags?post=102158"}],"curies":[{"name":"wp","href":"https:\/\/api.w.org\/{rel}","templated":true}]}}