{"id":102168,"date":"2023-08-23T18:30:57","date_gmt":"2023-08-23T23:30:57","guid":{"rendered":"https:\/\/www.noticiasperfil.com\/index\/?p=102168"},"modified":"2026-02-06T20:42:11","modified_gmt":"2026-02-07T02:42:11","slug":"enlodan-a-cazarin","status":"publish","type":"post","link":"https:\/\/www.noticiasperfil.com\/index\/2023\/08\/23\/enlodan-a-cazarin\/","title":{"rendered":"Enlodan a Cazar\u00edn"},"content":{"rendered":"<div><img loading=\"lazy\" decoding=\"async\" class=\"aligncenter wp-image-99884 size-full\" src=\"https:\/\/i1.wp.com\/www.noticiasperfil.com\/index\/wp-content\/uploads\/2023\/05\/juan-javier-gomez-cazarin.jpg?resize=640%2C425&#038;ssl=1\" alt=\"\" width=\"640\" height=\"425\" data-recalc-dims=\"1\" \/><\/div>\n<div><\/div>\n<div class=\"elementToProof ContentPasted0\"><b>Enlodan a Cazar\u00edn.<\/b><\/div>\n<div class=\"elementToProof ContentPasted0\"><\/div>\n<div class=\"elementToProof ContentPasted0 ContentPasted1\"><u>Aqu\u00ed en los Tuxtlas y en los Llanos\/Por V\u00edctor Calder\u00f3n Azamar.<br \/>\n<\/u><\/div>\n<div class=\"elementToProof ContentPasted0 ContentPasted1\"><\/div>\n<div class=\"elementToProof ContentPasted0 ContentPasted1\"><span class=\"ContentPasted2\" dir=\"auto\">Este fin de semana, el pretendiente a la Gubernatura de Veracruz, H\u00e9ctor Yunes Landa, sostendr\u00e1 una gira de trabajo por los Tuxtlas, en donde habr\u00e1 de encabezar una reuni\u00f3n con un grupo de empresarios y l\u00edderes partidistas, el encuentro del posible abanderado estatal del Partido Movimiento Ciudadano, tiene como finalidad convencer a varios de sus amigos y contempor\u00e1neos para que se unan a su nuevo proyecto\u00a0pol\u00edtico, el de buscar la candidatura a la grande de nuestra entidad con el MC, de ah\u00ed que tratara de convivir en un ameno guateque, con varios personajes de San Andr\u00e9s, Santiago Tuxtla y Catemaco, destacando la figura del empresario Rafael Carri\u00f3n \u00c1lvarez, quien como leal amigo le ofrecer\u00e1 su Rancho Ixbiapan, ubicado en el municipio de San Andr\u00e9s Tuxtla, en donde se celebrara este convivio de grillos.<\/span><\/div>\n<div class=\"elementToProof ContentPasted0 ContentPasted1\"><span class=\"ContentPasted2\" dir=\"auto\">\u00a0<\/span><\/div>\n<div class=\"elementToProof ContentPasted0 ContentPasted1\">\n<div class=\"ContentPasted2 elementToProof\" dir=\"auto\">En esta ocasi\u00f3n H\u00e9ctor Yunes Landa, encontrar\u00e1 en esta parte de la entidad a una sociedad totalmente dividida ideol\u00f3gicamente, ante la oferta que est\u00e1 demandando el Partido Morena, por lo que habr\u00e1 que observar hasta donde logra llegar la habilidad del Chole\u00f1o, quien es un experto en construir estructuras pol\u00edticas, lo cierto que este suspirante anda caminando y seguramente como siempre, algo deber\u00e1 sacar de este rebumbio pol\u00edtico que har\u00e1 en esta regi\u00f3n del estado.<\/div>\n<div class=\"ContentPasted2 elementToProof\" dir=\"auto\"><\/div>\n<div class=\"ContentPasted2 elementToProof\" dir=\"auto\">En otro tema diremos que en honor a la verdad, en Veracruz, El Diputado Juan Javier G\u00f3mez Cazar\u00edn, fue uno de los primeros \u00a0en definirse como fiel seguidor de Roci\u00f3 Nahle Garc\u00eda, el l\u00edder de JUCOPO, es uno de principales operadores pol\u00edticos \u00a0que ha sumado a muchas corrientes pol\u00edticas de la Oposici\u00f3n y de Morena, al proyecto Guinda, para que hoy la Nahle, se encuentre en las alturas para lograr la Candidatura Estatal, la cual ser\u00e1 revelada en Noviembre, situaci\u00f3n que ha incomodado \u00a0a varios fracasados pol\u00edticos \u00a0quienes desde la oscuridad y sin dar \u00a0la cara est\u00e1n orquestando lo que se considera \u00a0como una de las m\u00e1s rabiosas campa\u00f1as de lodo en contra de Juan Javier G\u00f3mez Cazar\u00edn, quien ante las constantes amenazas tuvo que redoblar su seguridad personal.<\/div>\n<div class=\"ContentPasted2\" dir=\"auto\"><\/div>\n<div class=\"ContentPasted2\" dir=\"auto\">Dirigido o no, en las \u00faltimas semanas el legislador Tuxtleco, ha sido blanco de reiterados ataques period\u00edsticos en su contra, esos enemigos tratan de editar infamias pol\u00edticas en torno a la figura de G\u00f3mez Cazar\u00edn.<\/div>\n<div class=\"ContentPasted2\" dir=\"auto\"><\/div>\n<div class=\"ContentPasted2\" dir=\"auto\">Esos Malandrines saben de antemano que conforme pasa el tiempo, sus privilegios se agotan y por eso buscan fabricar historias de deshonor, mediante las cuales \u00a0tratan de influir en la decisi\u00f3n que habr\u00e1n de adoptar \u00a0en los pr\u00f3ximos d\u00edas, cuando salga humo blanco de quien ser\u00e1 la pr\u00f3xima Candidata Presidencial, lamentablemente para esos calumniadores, sin credibilidad social, lo \u00fanico que han logrado es que la clase Morenista se una m\u00e1s en torno al futuro pol\u00edtico de Veracruz que ser\u00e1 de color Morena.<\/div>\n<div class=\"ContentPasted2\" dir=\"auto\"><\/div>\n<p><span class=\"ContentPasted2\" dir=\"auto\">Y nos vemos en la otra.<\/span><\/div>\n","protected":false},"excerpt":{"rendered":"<p>Enlodan a Cazar\u00edn. Aqu\u00ed en los Tuxtlas y en los Llanos\/Por V\u00edctor Calder\u00f3n Azamar. Este fin de semana, el pretendiente a la Gubernatura de Veracruz, H\u00e9ctor Yunes Landa, sostendr\u00e1 una gira de trabajo por los Tuxtlas, en donde habr\u00e1 de encabezar una reuni\u00f3n con un grupo de empresarios y l\u00edderes partidistas, el encuentro del posible abanderado estatal del Partido Movimiento Ciudadano, tiene como finalidad convencer a varios de sus amigos y contempor\u00e1neos para que se unan a su nuevo proyecto\u00a0pol\u00edtico, el de buscar la candidatura a la grande de nuestra&hellip;<\/p>\n","protected":false},"author":1,"featured_media":0,"comment_status":"open","ping_status":"closed","sticky":false,"template":"","format":"standard","meta":{"footnotes":""},"categories":[3,8,6],"tags":[4842],"class_list":["post-102168","post","type-post","status-publish","format-standard","hentry","category-destacadas","category-opinion","category-zona-tuxtlas","tag-juan-javier-gomez-cazarin"],"jetpack-related-posts":[],"_links":{"self":[{"href":"https:\/\/www.noticiasperfil.com\/index\/wp-json\/wp\/v2\/posts\/102168","targetHints":{"allow":["GET"]}}],"collection":[{"href":"https:\/\/www.noticiasperfil.com\/index\/wp-json\/wp\/v2\/posts"}],"about":[{"href":"https:\/\/www.noticiasperfil.com\/index\/wp-json\/wp\/v2\/types\/post"}],"author":[{"embeddable":true,"href":"https:\/\/www.noticiasperfil.com\/index\/wp-json\/wp\/v2\/users\/1"}],"replies":[{"embeddable":true,"href":"https:\/\/www.noticiasperfil.com\/index\/wp-json\/wp\/v2\/comments?post=102168"}],"version-history":[{"count":1,"href":"https:\/\/www.noticiasperfil.com\/index\/wp-json\/wp\/v2\/posts\/102168\/revisions"}],"predecessor-version":[{"id":102169,"href":"https:\/\/www.noticiasperfil.com\/index\/wp-json\/wp\/v2\/posts\/102168\/revisions\/102169"}],"wp:attachment":[{"href":"https:\/\/www.noticiasperfil.com\/index\/wp-json\/wp\/v2\/media?parent=102168"}],"wp:term":[{"taxonomy":"category","embeddable":true,"href":"https:\/\/www.noticiasperfil.com\/index\/wp-json\/wp\/v2\/categories?post=102168"},{"taxonomy":"post_tag","embeddable":true,"href":"https:\/\/www.noticiasperfil.com\/index\/wp-json\/wp\/v2\/tags?post=102168"}],"curies":[{"name":"wp","href":"https:\/\/api.w.org\/{rel}","templated":true}]}}