{"id":102174,"date":"2023-08-24T12:53:12","date_gmt":"2023-08-24T17:53:12","guid":{"rendered":"https:\/\/www.noticiasperfil.com\/index\/?p=102174"},"modified":"2023-08-24T12:53:12","modified_gmt":"2023-08-24T17:53:12","slug":"eric-cisneros-lanza-piropos-politicos-a-pepe-yunes","status":"publish","type":"post","link":"https:\/\/www.noticiasperfil.com\/index\/2023\/08\/24\/eric-cisneros-lanza-piropos-politicos-a-pepe-yunes\/","title":{"rendered":"Eric Cisneros lanza \u201cpiropos\u201d\u2026 pol\u00edticos a Pepe Yunes"},"content":{"rendered":"<p><img loading=\"lazy\" decoding=\"async\" class=\"aligncenter size-medium wp-image-93555\" src=\"https:\/\/i2.wp.com\/www.noticiasperfil.com\/index\/wp-content\/uploads\/2022\/10\/prosa-aprisa-300x169.jpg?resize=300%2C169&#038;ssl=1\" alt=\"\" width=\"300\" height=\"169\" data-recalc-dims=\"1\" \/><\/p>\n<p><strong>Prosa Aprisa\/Por Arturo Reyes Isidoro.<\/strong><\/p>\n<div><\/div>\n<p>Aparte de lo interesante que seguramente coment\u00f3 anoche Pepe Yunes en la entrevista que le hicieron en Radiotelevisi\u00f3n de Veracruz (RTV), el canal oficial del Gobierno del Estado, todav\u00eda m\u00e1s llamativo es que el secretario de Gobierno, Eric Cisneros, haya decidido abrirle la se\u00f1al.<\/p>\n<p>En la administraci\u00f3n estatal, la Coordinaci\u00f3n General de Comunicaci\u00f3n Social incluida, no es alg\u00fan secreto que el \u201cafrodescendiente\u201d se apropi\u00f3 de ese medio y dispone de \u00e9l como quiere y cuando quiere, e incluso dio \u00f3rdenes de vetar a sus enemigos pol\u00edticos (Juan Javier G\u00f3mez Cazar\u00edn a la cabeza), a sus malquerientes del propio gobierno y a los actores pol\u00edticos de la oposici\u00f3n.<\/p>\n<p>Si bien es cierto que el titular del programa \u201cA 8 Columnas. Debate period\u00edstico\u201d (siempre se me ha hecho inapropiado el nombre porque no se trata de un medio impreso) es Rams\u00e9s Yunes, muy profesional, siempre, hermano de Pepe, lo es tambi\u00e9n que Cisneros ha utilizado el canal y ese programa para promoverse, para beneficio suyo, y para nadie m\u00e1s, aunque sea de Morena. El juguetito es suyo y no se lo presta a nadie.<\/p>\n<p>Por eso, \u00a1epa!, ayer en la ma\u00f1ana sorprendi\u00f3 que de pronto empez\u00f3 a circular en las redes sociales el anuncio infogr\u00e1fico que daba cuenta que el diputado federal priista por el distrito de Coatepec (Perote) y aspirante a la gubernatura por el Frente Amplio por M\u00e9xico estar\u00eda como invitado a partir de las 22.30 horas (despu\u00e9s del cierre de esta columna) en dicho programa.<\/p>\n<p>\u00a1\u00bfC\u00f3mo?! \u00bfEs que ya van a abrir el canal para el resto de los aspirantes (tambi\u00e9n est\u00e1 vetado Sergio Guti\u00e9rrez Luna), de todos los partidos? Eso ser\u00eda lo correcto porque el canal se sostiene con recursos p\u00fablicos, es de todos los veracruzanos y de ning\u00fan servidor p\u00fablico en particular.<\/p>\n<p>\u00bfPor qu\u00e9 a Pepe s\u00ed y al resto no? Algo quiere Eric. \u00bfAcaso trata de enamorarlo para que de no resultar el candidato del Frente se le sume en su intento de convertirse en el candidato de Morena? \u00bfPretende acerc\u00e1rsele para hacerle alguna propuesta a cambio de posiciones? \u00bfPretende que le sume al priismo que pueda? Que le abra la se\u00f1al del canal, sin duda, no es m\u00e1s que un coqueteo pol\u00edtico.<\/p>\n<p>Claro, puede que tambi\u00e9n, maquiav\u00e9lico como es, con la invitaci\u00f3n pretenda despertar sospecha entre el PAN y el PRD para intentar romper la unidad en el Frente, que todav\u00eda no se ve muy clara pero que pretenden. \u00bfQu\u00e9 dir\u00e1 ahora el dirigente estatal de Morena, Esteban Ram\u00edrez Zepeta de su correligionario de partido?<\/p>\n<p><strong>\u00bfAd\u00e1n Augusto, la opci\u00f3n para evitar la fractura?<\/strong><\/p>\n<p><strong>\u00a0<\/strong>Me llamaron la atenci\u00f3n el s\u00e1bado pasado y ayer mi\u00e9rcoles dos comentarios del columnista Salvador Garc\u00eda Soto sobre el enfrentamiento entre Claudia Sheinbaum y Marcelo Ebrard que amenaza provocar una fractura en Morena. Apunt\u00f3 que es Ad\u00e1n Augusto L\u00f3pez quien, entonces, aparece como el principal beneficiario de la polarizaci\u00f3n.<\/p>\n<p>\u201cEl exsecretario de Gobernaci\u00f3n siempre fue en este proceso \u2018la carta de reserva\u2019 del Presidente y un tercero en discordia natural que puede ser la opci\u00f3n con la que L\u00f3pez Obrador resuelva el riesgo de fractura y termine por sacrificar a su hija pol\u00edtica y \u2018corcholata\u2019 favorita, para dar paso a su \u2018hermano\u00bb\u2019 tabasque\u00f1o que transitar\u00eda mucho mejor con\u00a0<strong>Marcelo Ebrard<\/strong>\u00a0en caso de una negociaci\u00f3n y le evitar\u00eda a su antiguo Jefe un rompimiento que pondr\u00eda en riesgo la continuidad de su movimiento en el poder\u201d.<\/p>\n<p>El columnista coment\u00f3 ayer que experimentados encuestadores alertan que si bien la mayor\u00eda de los sondeos conocidos y publicados mantienen la ventaja de Sheinbaum, esto se mover\u00e1 en el resultado final en donde Marcelo podr\u00eda acercarse mucho, pero tambi\u00e9n alertan el crecimiento de Ad\u00e1n Augusto, que podr\u00eda sorprender a la hora de los resultados finales.<\/p>\n<p>Garc\u00eda Soto dijo que un cercano colaborador del tabasque\u00f1o le coment\u00f3 que la estrategia del tabasque\u00f1o fue dejar que Sheinbaum y Ebrard se despedazaran mutuamente mientras \u00e9l se dedicaba a recorrer el pa\u00eds, a reunirse no solo con las bases morenistas sino tambi\u00e9n con empresarios y sectores estatales que se le fueron sumando a su proyecto.<\/p>\n<p><strong>\u00a0<\/strong><strong>Luego de Ahued, nadie m\u00e1s ha buscado que bajen las tarifas el\u00e9ctricas<\/strong><\/p>\n<p><strong>\u00a0<\/strong>Sobre el tema de las tarifas el\u00e9ctricas, cu\u00e1nto se extra\u00f1a al senador Ricardo Ahued, quien tuvo el valor de reclamarle al gobierno federal, de cuyo partido forma parte, el alto costo de las tarifas el\u00e9ctricas en el estado.<\/p>\n<p>Ayer critiqu\u00e9 que la aspirante a la candidatura de Morena a la gubernatura, Roc\u00edo Nahle, vino el martes a Coatepec a tirar un verdadero choro verbal sobre el tema pero sin responder algo concreto al reclamo de los veracruzanos para que sean reclasificadas y bajen.<\/p>\n<p>Todav\u00eda se recuerda que en 2020, apenas tres d\u00edas despu\u00e9s de que hab\u00eda retornado a su esca\u00f1o en el Senado tras haber sido titular de Aduanas, Ahued retom\u00f3 su lucha para tratar de que la Comisi\u00f3n Federal de Electricidad las reclasificara.<\/p>\n<p>Recuerdo que incluso puso un ejemplo, con lo que ilustraba todo: \u201cNo creo que sea justo que una persona que tiene una choza al pie de la carretera y vende cocos, por tener un refrigerador tenga una tarifa comercial industrial, cuando solo vende siete cocos al d\u00eda\u201d.<\/p>\n<p>Lleg\u00f3 incluso a presentar un punto de acuerdo en la C\u00e1mara de Senadores para que la CFE atendiera las demandas de los usuarios del estado. Record\u00f3 adem\u00e1s que Veracruz era importante generador de energ\u00eda.<\/p>\n<p>Ahora ganamos un excelente alcalde de Xalapa, pero perdimos a un importante gestor \u2013\u00e9l s\u00ed\u2013 de los reclamos de los veracruzanos, sus representados. \u00bfEn d\u00f3nde est\u00e1 el resto de los senadores y diputados de Morena?<\/p>\n<p><strong>La cruzada de Polo Deschamps<\/strong><\/p>\n<p><strong>\u00a0<\/strong>La \u00faltima vez que me reun\u00ed con Polo Deschamps, ya como exalcalde de Medell\u00edn, hac\u00eda planes para integrarse de lleno a la dirigencia estatal del PAN, su partido.<\/p>\n<p>Exdiputado local tambi\u00e9n, me platic\u00f3 algunas de sus experiencias en la zona conurbada Veracruz-Boca del R\u00edo-Medell\u00edn, donde ha hecho toda su trayectoria.<\/p>\n<p>No obstante su juventud, tiene bastante experiencia, y me ocupo ahora de \u00e9l porque lo veo y lo escucho como en un tipo de cruzada democr\u00e1tica, a la que est\u00e1 aplicado.<\/p>\n<p>Para \u00e9l, la oposici\u00f3n \u2013incluyendo su partido\u2013 est\u00e1 cometiendo un error estrat\u00e9gico: se ha alejado de la ciudadan\u00eda; no camina.<\/p>\n<p>Comenta que los personajes que se mencionan para la candidatura a la gubernatura est\u00e1n en la comodidad de su encargo p\u00fablico, a excepci\u00f3n de H\u00e9ctor Yunes, a quien ve activo.<\/p>\n<p>Menciona que a Julen Rementer\u00eda, Pepe Yunes y otros que aspiran, les hace falta gastar suela, que salgan m\u00e1s del clima artificial y de los caf\u00e9s (es su punto de vista).<\/p>\n<p>Su argumento es muy sencillo: la oposici\u00f3n se ha alejado del pueblo y se ha centrado en solo hablar del presidente L\u00f3pez Obrador; se la pasan bailando al son que les toca el Ejecutivo federal, comenta.<\/p>\n<p>\u201cImag\u00ednense este escenario: la oposici\u00f3n en general hablando de quien tiene una buena aceptaci\u00f3n entre los ciudadanos, pero adem\u00e1s lo hacen sin estar cerca de la gente, sin estar en la calle y en la colonia\u201d.<\/p>\n<p>Asegura que por eso es que Morena le ha ganado todo a la oposici\u00f3n. Al final 24 gubernaturas y cientos de municipios y decenas de congresos locales entregados a la 4T pareciera que le dan la raz\u00f3n.<\/p>\n","protected":false},"excerpt":{"rendered":"<p>Prosa Aprisa\/Por Arturo Reyes Isidoro. Aparte de lo interesante que seguramente coment\u00f3 anoche Pepe Yunes en la entrevista que le hicieron en Radiotelevisi\u00f3n de Veracruz (RTV), el canal oficial del Gobierno del Estado, todav\u00eda m\u00e1s llamativo es que el secretario de Gobierno, Eric Cisneros, haya decidido abrirle la se\u00f1al. En la administraci\u00f3n estatal, la Coordinaci\u00f3n General de Comunicaci\u00f3n Social incluida, no es alg\u00fan secreto que el \u201cafrodescendiente\u201d se apropi\u00f3 de ese medio y dispone de \u00e9l como quiere y cuando quiere, e incluso dio \u00f3rdenes de vetar a sus enemigos&hellip;<\/p>\n","protected":false},"author":1,"featured_media":0,"comment_status":"open","ping_status":"closed","sticky":false,"template":"","format":"standard","meta":{"footnotes":""},"categories":[8,10],"tags":[112],"class_list":["post-102174","post","type-post","status-publish","format-standard","hentry","category-opinion","category-prosa-aprisa","tag-arturo-reyes-isidoro"],"jetpack-related-posts":[],"_links":{"self":[{"href":"https:\/\/www.noticiasperfil.com\/index\/wp-json\/wp\/v2\/posts\/102174","targetHints":{"allow":["GET"]}}],"collection":[{"href":"https:\/\/www.noticiasperfil.com\/index\/wp-json\/wp\/v2\/posts"}],"about":[{"href":"https:\/\/www.noticiasperfil.com\/index\/wp-json\/wp\/v2\/types\/post"}],"author":[{"embeddable":true,"href":"https:\/\/www.noticiasperfil.com\/index\/wp-json\/wp\/v2\/users\/1"}],"replies":[{"embeddable":true,"href":"https:\/\/www.noticiasperfil.com\/index\/wp-json\/wp\/v2\/comments?post=102174"}],"version-history":[{"count":1,"href":"https:\/\/www.noticiasperfil.com\/index\/wp-json\/wp\/v2\/posts\/102174\/revisions"}],"predecessor-version":[{"id":102175,"href":"https:\/\/www.noticiasperfil.com\/index\/wp-json\/wp\/v2\/posts\/102174\/revisions\/102175"}],"wp:attachment":[{"href":"https:\/\/www.noticiasperfil.com\/index\/wp-json\/wp\/v2\/media?parent=102174"}],"wp:term":[{"taxonomy":"category","embeddable":true,"href":"https:\/\/www.noticiasperfil.com\/index\/wp-json\/wp\/v2\/categories?post=102174"},{"taxonomy":"post_tag","embeddable":true,"href":"https:\/\/www.noticiasperfil.com\/index\/wp-json\/wp\/v2\/tags?post=102174"}],"curies":[{"name":"wp","href":"https:\/\/api.w.org\/{rel}","templated":true}]}}