{"id":102176,"date":"2023-08-24T13:02:34","date_gmt":"2023-08-24T18:02:34","guid":{"rendered":"https:\/\/www.noticiasperfil.com\/index\/?p=102176"},"modified":"2023-08-24T13:02:34","modified_gmt":"2023-08-24T18:02:34","slug":"simpatia-vs-inteligencia","status":"publish","type":"post","link":"https:\/\/www.noticiasperfil.com\/index\/2023\/08\/24\/simpatia-vs-inteligencia\/","title":{"rendered":"\u00bfSimpat\u00eda vs inteligencia?"},"content":{"rendered":"<p><img loading=\"lazy\" decoding=\"async\" class=\"aligncenter size-medium wp-image-93558\" src=\"https:\/\/i1.wp.com\/www.noticiasperfil.com\/index\/wp-content\/uploads\/2022\/10\/sergio-gonzalez-levet-300x218.jpg?resize=300%2C218&#038;ssl=1\" alt=\"\" width=\"300\" height=\"218\" data-recalc-dims=\"1\" \/><\/p>\n<p><strong>Sin Tacto\/Por Sergio Gonz\u00e1lez Levet.<\/strong><\/p>\n<p>Hay un falso dilema que hacen circular en especial los priistas trasnochados que creen que la aspirante de su partido tiene una oportunidad de ganar la contienda dentro del Frente Amplio por M\u00e9xico, ser candidata y ganar la Presidencia de la Rep\u00fablica.<\/p>\n<p>Sue\u00f1an que as\u00ed volver\u00edan para ellos los d\u00edas de vino y rosas del poder omn\u00edmodo que retuvieron durante 71 a\u00f1os -m\u00e1s seis del gobierno de pe\u00f1a Nieto-, en los que se dedicaron en alguna parte a promover el desarrollo de la naci\u00f3n y en muchas a hincharse los bolsillos con los dineros del pueblo y con las riquezas de nuestra naci\u00f3n.<\/p>\n<p>Aquel falso dilema es que la contienda entre Beatriz Paredes y X\u00f3chitl G\u00e1lvez es una lucha entre la inteligencia de la primera y la simpat\u00eda de la segunda. Seg\u00fan aqu\u00e9llos, la senadora tlaxcalteca posee el conocimiento, la experiencia y la sabidur\u00eda que sacar\u00e1n a M\u00e9xico de los enormes problemas que nos va a heredar la Cuarta Transformaci\u00f3n de Andr\u00e9s Manuel L\u00f3pez Obrador. Por su parte, aseguran, la senadora hidalguense es propietaria de una gran simpat\u00eda -carisma-, de valor civil y de un lenguaje florido que resulta muy atractivo para las masas populares\u2026 y nada m\u00e1s.<\/p>\n<p>Beatriz ser\u00eda la masa gris y X\u00f3chitl la sonrisa encantadora. La primera representa la madurez y la segunda el candor. Una asegura un gobierno perfecto y la otra apenas la victoria electoral.<\/p>\n<p>Hablan esos correligionarios de la Paredes de su actuaci\u00f3n como gobernadora, como diputada local y federal, como subsecretaria de Gobernaci\u00f3n, como dirigente nacional del PRI, como embajadora, como senadora, y a contrario sensu esconden la exitosa carrera empresarial de la G\u00e1lvez y su c\u00e9lebre paso por la actividad p\u00fablica como titular de la comisi\u00f3n de pueblos ind\u00edgenas, como jefa de la Delegaci\u00f3n Hidalgo del Distrito federal y senadora por el PAN.<\/p>\n<p>Pintan esos convenencieros priistas a una Beatriz Paredes seria, madura, experimentada, eficiente, talentosa, y a X\u00f3chitl G\u00e1lvez como una figura llamativa para la gente del pueblo, dicharachera, jocosa, superficial y sin ninguna capacidad administrativa.<\/p>\n<p>Lo real es que en lo acad\u00e9mico XGR tiene tantos merecimientos y preparaci\u00f3n como BPR, y tal vez hasta m\u00e1s, porque es una ingeniera en sistemas muy reconocida, y adem\u00e1s se ha desempe\u00f1ado en los puestos p\u00fablicos como una funcionaria innovadora, entrona, honesta a carta cabal y laboriosa como una abeja.<\/p>\n<p>De proyecto a proyecto, destaca m\u00e1s el discurso fresco y nov\u00edsimo de X\u00f3chitl contra el discurso adocenado, lleno de lugares comunes y de los t\u00e9rminos vac\u00edos que fueron acu\u00f1ando los priistas a lo largo de su larga historia.<\/p>\n<p>X tiene adem\u00e1s muchos m\u00e1s votos y simpat\u00edas que B, que es lo crucial.<\/p>\n<p><a href=\"mailto:sglevet@gmail.com\">sglevet@gmail.com<\/a><\/p>\n<p>&nbsp;<\/p>\n","protected":false},"excerpt":{"rendered":"<p>Sin Tacto\/Por Sergio Gonz\u00e1lez Levet. Hay un falso dilema que hacen circular en especial los priistas trasnochados que creen que la aspirante de su partido tiene una oportunidad de ganar la contienda dentro del Frente Amplio por M\u00e9xico, ser candidata y ganar la Presidencia de la Rep\u00fablica. Sue\u00f1an que as\u00ed volver\u00edan para ellos los d\u00edas de vino y rosas del poder omn\u00edmodo que retuvieron durante 71 a\u00f1os -m\u00e1s seis del gobierno de pe\u00f1a Nieto-, en los que se dedicaron en alguna parte a promover el desarrollo de la naci\u00f3n y&hellip;<\/p>\n","protected":false},"author":1,"featured_media":0,"comment_status":"open","ping_status":"closed","sticky":false,"template":"","format":"standard","meta":{"footnotes":""},"categories":[8,14],"tags":[1332],"class_list":["post-102176","post","type-post","status-publish","format-standard","hentry","category-opinion","category-sin-tacto","tag-sergio-gonzalez-levet"],"jetpack-related-posts":[],"_links":{"self":[{"href":"https:\/\/www.noticiasperfil.com\/index\/wp-json\/wp\/v2\/posts\/102176","targetHints":{"allow":["GET"]}}],"collection":[{"href":"https:\/\/www.noticiasperfil.com\/index\/wp-json\/wp\/v2\/posts"}],"about":[{"href":"https:\/\/www.noticiasperfil.com\/index\/wp-json\/wp\/v2\/types\/post"}],"author":[{"embeddable":true,"href":"https:\/\/www.noticiasperfil.com\/index\/wp-json\/wp\/v2\/users\/1"}],"replies":[{"embeddable":true,"href":"https:\/\/www.noticiasperfil.com\/index\/wp-json\/wp\/v2\/comments?post=102176"}],"version-history":[{"count":1,"href":"https:\/\/www.noticiasperfil.com\/index\/wp-json\/wp\/v2\/posts\/102176\/revisions"}],"predecessor-version":[{"id":102177,"href":"https:\/\/www.noticiasperfil.com\/index\/wp-json\/wp\/v2\/posts\/102176\/revisions\/102177"}],"wp:attachment":[{"href":"https:\/\/www.noticiasperfil.com\/index\/wp-json\/wp\/v2\/media?parent=102176"}],"wp:term":[{"taxonomy":"category","embeddable":true,"href":"https:\/\/www.noticiasperfil.com\/index\/wp-json\/wp\/v2\/categories?post=102176"},{"taxonomy":"post_tag","embeddable":true,"href":"https:\/\/www.noticiasperfil.com\/index\/wp-json\/wp\/v2\/tags?post=102176"}],"curies":[{"name":"wp","href":"https:\/\/api.w.org\/{rel}","templated":true}]}}