{"id":102178,"date":"2023-08-24T13:39:18","date_gmt":"2023-08-24T18:39:18","guid":{"rendered":"https:\/\/www.noticiasperfil.com\/index\/?p=102178"},"modified":"2023-08-24T13:39:18","modified_gmt":"2023-08-24T18:39:18","slug":"en-catemaco-realizan-conferencia-conferencia-registro-de-marca-marcas-y-derechos-colectivos-indicadores-geograficos-y-denominacion-de-origen","status":"publish","type":"post","link":"https:\/\/www.noticiasperfil.com\/index\/2023\/08\/24\/en-catemaco-realizan-conferencia-conferencia-registro-de-marca-marcas-y-derechos-colectivos-indicadores-geograficos-y-denominacion-de-origen\/","title":{"rendered":"En Catemaco, realizan Conferencia conferencia \u00abRegistro de Marca, Marcas y Derechos Colectivos, Indicadores Geogr\u00e1ficos y Denominaci\u00f3n de Origen\u00bb"},"content":{"rendered":"<p><img loading=\"lazy\" decoding=\"async\" class=\"aligncenter size-medium wp-image-102179\" src=\"https:\/\/i0.wp.com\/www.noticiasperfil.com\/index\/wp-content\/uploads\/2023\/08\/catemaco-conferencia-01-660x365.jpg?resize=640%2C354&#038;ssl=1\" alt=\"\" width=\"640\" height=\"354\" data-recalc-dims=\"1\" \/><\/p>\n<p>Catemaco, Ver.- La SEDARPA en coordinaci\u00f3n con la Subsecretar\u00eda de Ganader\u00eda y Pesca, la SEDECOP, el IMPI, a trav\u00e9s del Gobierno Municipal llevan a cabo la Conferencia \u00abRegistro de Marca, Marcas y Derechos Colectivos, Indicadores Geogr\u00e1ficos y Denominaci\u00f3n de Origen\u00bb, la cual es impartida a productores de nuestro municipio y municipios vecinos, para brindarles las herramientas con las cuales proteger y exponer sus productos con un alcance mayor, siempre asegurando un manejo adecuado de su marca, ya sea para distribuci\u00f3n local o externa. Adem\u00e1s, en esta conferencia tambi\u00e9n se presentaron otros proyectos y propuestas para darle m\u00e1s notoriedad a los productos m\u00e1s caracter\u00edsticos de nuestro municipio.<\/p>\n\n<p>Tambi\u00e9n se presentaron los resultados de los estanques de producci\u00f3n intensiva de tegogolos que est\u00e1n trabajando en nuestro municipio con el apoyo de la Subsecretar\u00eda de Ganader\u00eda y Pesca que preside el M.V.Z Humberto Amador Zaragoza.<\/p>\n\n<p>Para dar inicio a esta conferencia se cont\u00f3 con la presencia del Alcalde Lic. Juan Jos\u00e9 Rosario Morales, el Lic. Everardo Pa\u00edz Malag\u00f3n, Director de Promoci\u00f3n a Emprendedores y MIPYMES, Lic. Emilio Hern\u00e1ndez Dom\u00ednguez, Jefe de Departamento de MIPYMES, el M.V.Z Tom\u00e1s Andrade, Extensionista de SEDARPA, la Regidora 2da Maricela Amador Gonz\u00e1lez, el Regidor 3ero Mtro. Marco Brizuela Alcocer y el Regidor 4to Lic. Diego Hern\u00e1ndez Cartas, as\u00ed como los conferencistas Christian Solano Padilla y Jonathan Edgar Torres Ben\u00edtez.<\/p>\n","protected":false},"excerpt":{"rendered":"<p>Catemaco, Ver.- La SEDARPA en coordinaci\u00f3n con la Subsecretar\u00eda de Ganader\u00eda y Pesca, la SEDECOP, el IMPI, a trav\u00e9s del Gobierno Municipal llevan a cabo la Conferencia \u00abRegistro de Marca, Marcas y Derechos Colectivos, Indicadores Geogr\u00e1ficos y Denominaci\u00f3n de Origen\u00bb, la cual es impartida a productores de nuestro municipio y municipios vecinos, para brindarles las herramientas con las cuales proteger y exponer sus productos con un alcance mayor, siempre asegurando un manejo adecuado de su marca, ya sea para distribuci\u00f3n local o externa. Adem\u00e1s, en esta conferencia tambi\u00e9n se presentaron&hellip;<\/p>\n","protected":false},"author":1,"featured_media":0,"comment_status":"open","ping_status":"closed","sticky":false,"template":"","format":"standard","meta":{"footnotes":""},"categories":[3,6],"tags":[6009],"class_list":["post-102178","post","type-post","status-publish","format-standard","hentry","category-destacadas","category-zona-tuxtlas","tag-juan-rosario-morales"],"jetpack-related-posts":[],"_links":{"self":[{"href":"https:\/\/www.noticiasperfil.com\/index\/wp-json\/wp\/v2\/posts\/102178","targetHints":{"allow":["GET"]}}],"collection":[{"href":"https:\/\/www.noticiasperfil.com\/index\/wp-json\/wp\/v2\/posts"}],"about":[{"href":"https:\/\/www.noticiasperfil.com\/index\/wp-json\/wp\/v2\/types\/post"}],"author":[{"embeddable":true,"href":"https:\/\/www.noticiasperfil.com\/index\/wp-json\/wp\/v2\/users\/1"}],"replies":[{"embeddable":true,"href":"https:\/\/www.noticiasperfil.com\/index\/wp-json\/wp\/v2\/comments?post=102178"}],"version-history":[{"count":1,"href":"https:\/\/www.noticiasperfil.com\/index\/wp-json\/wp\/v2\/posts\/102178\/revisions"}],"predecessor-version":[{"id":102184,"href":"https:\/\/www.noticiasperfil.com\/index\/wp-json\/wp\/v2\/posts\/102178\/revisions\/102184"}],"wp:attachment":[{"href":"https:\/\/www.noticiasperfil.com\/index\/wp-json\/wp\/v2\/media?parent=102178"}],"wp:term":[{"taxonomy":"category","embeddable":true,"href":"https:\/\/www.noticiasperfil.com\/index\/wp-json\/wp\/v2\/categories?post=102178"},{"taxonomy":"post_tag","embeddable":true,"href":"https:\/\/www.noticiasperfil.com\/index\/wp-json\/wp\/v2\/tags?post=102178"}],"curies":[{"name":"wp","href":"https:\/\/api.w.org\/{rel}","templated":true}]}}