{"id":102185,"date":"2023-08-24T14:51:33","date_gmt":"2023-08-24T19:51:33","guid":{"rendered":"https:\/\/www.noticiasperfil.com\/index\/?p=102185"},"modified":"2023-08-24T14:51:33","modified_gmt":"2023-08-24T19:51:33","slug":"inflacion-anual-baja-en-primera-quincena-de-agosto-mercancias-cuestan-menos-y-rinde-mas-el-ingreso-amlo","status":"publish","type":"post","link":"https:\/\/www.noticiasperfil.com\/index\/2023\/08\/24\/inflacion-anual-baja-en-primera-quincena-de-agosto-mercancias-cuestan-menos-y-rinde-mas-el-ingreso-amlo\/","title":{"rendered":"Inflaci\u00f3n anual baja en primera quincena de agosto; mercanc\u00edas cuestan menos y rinde m\u00e1s el ingreso: AMLO"},"content":{"rendered":"<p><img loading=\"lazy\" decoding=\"async\" class=\"aligncenter size-medium wp-image-102186\" src=\"https:\/\/i0.wp.com\/www.noticiasperfil.com\/index\/wp-content\/uploads\/2023\/08\/amlo-5-660x365.jpg?resize=640%2C354&#038;ssl=1\" alt=\"\" width=\"640\" height=\"354\" data-recalc-dims=\"1\" \/><\/p>\n<p>Ciudad de M\u00e9xico.- Al encabezar la conferencia de prensa matutina, el presidente Andr\u00e9s Manuel L\u00f3pez Obrador destac\u00f3 el descenso de la inflaci\u00f3n anual a 4.67 por ciento en la primera quincena de agosto.<\/p>\n<p>\u201cEsto es muy bueno porque esto significa que hay menos riesgo de carest\u00eda y rinde m\u00e1s el ingreso. (\u2026) Si cuestan menos los alimentos, si cuestan menos las mercanc\u00edas, no se deteriora el poder de compra, el poder adquisitivo del salario\u201d, enfatiz\u00f3.<\/p>\n<p>De acuerdo con datos publicados este jueves por el Instituto Nacional de Estad\u00edstica y Geograf\u00eda (INEGI), los precios al consumidor mantienen su tendencia a la baja como resultado de las pol\u00edticas del Gobierno de M\u00e9xico dise\u00f1adas para proteger la econom\u00eda familiar.<\/p>\n<p>Una de ellas es el Acuerdo de Apertura Contra la Inflaci\u00f3n y la Carest\u00eda (Apecic), que reduce el costo de 24 productos de la canasta b\u00e1sica y establece un precio promedio de mil 39 pesos.<\/p>\n","protected":false},"excerpt":{"rendered":"<p>Ciudad de M\u00e9xico.- Al encabezar la conferencia de prensa matutina, el presidente Andr\u00e9s Manuel L\u00f3pez Obrador destac\u00f3 el descenso de la inflaci\u00f3n anual a 4.67 por ciento en la primera quincena de agosto. \u201cEsto es muy bueno porque esto significa que hay menos riesgo de carest\u00eda y rinde m\u00e1s el ingreso. (\u2026) Si cuestan menos los alimentos, si cuestan menos las mercanc\u00edas, no se deteriora el poder de compra, el poder adquisitivo del salario\u201d, enfatiz\u00f3. De acuerdo con datos publicados este jueves por el Instituto Nacional de Estad\u00edstica y Geograf\u00eda&hellip;<\/p>\n","protected":false},"author":1,"featured_media":0,"comment_status":"open","ping_status":"closed","sticky":false,"template":"","format":"standard","meta":{"footnotes":""},"categories":[3,7],"tags":[86],"class_list":["post-102185","post","type-post","status-publish","format-standard","hentry","category-destacadas","category-nacional","tag-andres-manuel-lopez-obrador"],"jetpack-related-posts":[],"_links":{"self":[{"href":"https:\/\/www.noticiasperfil.com\/index\/wp-json\/wp\/v2\/posts\/102185","targetHints":{"allow":["GET"]}}],"collection":[{"href":"https:\/\/www.noticiasperfil.com\/index\/wp-json\/wp\/v2\/posts"}],"about":[{"href":"https:\/\/www.noticiasperfil.com\/index\/wp-json\/wp\/v2\/types\/post"}],"author":[{"embeddable":true,"href":"https:\/\/www.noticiasperfil.com\/index\/wp-json\/wp\/v2\/users\/1"}],"replies":[{"embeddable":true,"href":"https:\/\/www.noticiasperfil.com\/index\/wp-json\/wp\/v2\/comments?post=102185"}],"version-history":[{"count":1,"href":"https:\/\/www.noticiasperfil.com\/index\/wp-json\/wp\/v2\/posts\/102185\/revisions"}],"predecessor-version":[{"id":102187,"href":"https:\/\/www.noticiasperfil.com\/index\/wp-json\/wp\/v2\/posts\/102185\/revisions\/102187"}],"wp:attachment":[{"href":"https:\/\/www.noticiasperfil.com\/index\/wp-json\/wp\/v2\/media?parent=102185"}],"wp:term":[{"taxonomy":"category","embeddable":true,"href":"https:\/\/www.noticiasperfil.com\/index\/wp-json\/wp\/v2\/categories?post=102185"},{"taxonomy":"post_tag","embeddable":true,"href":"https:\/\/www.noticiasperfil.com\/index\/wp-json\/wp\/v2\/tags?post=102185"}],"curies":[{"name":"wp","href":"https:\/\/api.w.org\/{rel}","templated":true}]}}