{"id":102188,"date":"2023-08-24T17:40:08","date_gmt":"2023-08-24T22:40:08","guid":{"rendered":"https:\/\/www.noticiasperfil.com\/index\/?p=102188"},"modified":"2023-08-24T17:40:08","modified_gmt":"2023-08-24T22:40:08","slug":"con-pavimentacion-del-callejon-jesus-ceja-la-alcaldesa-contribuye-al-desarrollo-urbano-en-la-colonia-ferrocarril","status":"publish","type":"post","link":"https:\/\/www.noticiasperfil.com\/index\/2023\/08\/24\/con-pavimentacion-del-callejon-jesus-ceja-la-alcaldesa-contribuye-al-desarrollo-urbano-en-la-colonia-ferrocarril\/","title":{"rendered":"Con pavimentaci\u00f3n del Callej\u00f3n Jes\u00fas Ceja, la alcaldesa contribuye al desarrollo urbano en la Colonia Ferrocarril"},"content":{"rendered":"<p><img loading=\"lazy\" decoding=\"async\" class=\"aligncenter size-medium wp-image-102189\" src=\"https:\/\/i2.wp.com\/www.noticiasperfil.com\/index\/wp-content\/uploads\/2023\/08\/solana-callejon-01-660x365.jpg?resize=640%2C354&#038;ssl=1\" alt=\"\" width=\"640\" height=\"354\" data-recalc-dims=\"1\" \/><\/p>\n<p><em><strong>\u2022 Acompa\u00f1ada de regidores y colonos, la doctora Mar\u00eda Elena Solana Calzada inaugur\u00f3 esta vialidad que incluye guarniciones y banquetas y beneficia directamente a 90 familias.<\/strong><\/em><\/p>\n<p>San Andr\u00e9s Tuxtla, Ver.- \u201cSeguimos entregando obras que transforman vidas, cumpli\u00e9ndole a la ciudadan\u00eda con resultados, en esta ocasi\u00f3n con la pavimentaci\u00f3n del Callej\u00f3n Jes\u00fas Ceja aqu\u00ed en la Colonia Ferrocarril, con la que ampliamos circuitos viales en las colonia populares, impulsando el desarrollo en cada punto de la cabecera municipal y consolidando el bienestar para la ciudadan\u00eda\u201d, afirm\u00f3 la Presidenta Municipal de San Andr\u00e9s Tuxtla, la doctora Mar\u00eda Elena Solana Calzada, durante la inauguraci\u00f3n de esta obra de pavimentaci\u00f3n que beneficia directamente a 90 familias sanandrescanas avecindadas en la Colonia Ferrocarril.<\/p>\n<p><img loading=\"lazy\" decoding=\"async\" class=\"aligncenter size-medium wp-image-102190\" src=\"https:\/\/i0.wp.com\/www.noticiasperfil.com\/index\/wp-content\/uploads\/2023\/08\/solana-callejon-02-660x365.jpg?resize=640%2C354&#038;ssl=1\" alt=\"\" width=\"640\" height=\"354\" data-recalc-dims=\"1\" \/><\/p>\n<p>\u201cLos habitantes del Callej\u00f3n Jes\u00fas Ceja Romero, agradecen a usted y sus acompa\u00f1antes por hacer una realidad esta obra que en gobiernos anteriores no se pudo realizar pero hoy gracias a su buena voluntad y su trabajo comprometido ya es una realidad\u201d, expres\u00f3 durante sus discurso de bienvenida el se\u00f1or Mois\u00e9s C\u00e1rdenas Chigo quien junto con la se\u00f1ora Lizbeth del Carmen Sinaca Dom\u00ednguez, recibieron a las autoridades municipales y agradecieron a nombre de todos los colonos.<\/p>\n<p><img loading=\"lazy\" decoding=\"async\" class=\"aligncenter size-medium wp-image-102191\" src=\"https:\/\/i1.wp.com\/www.noticiasperfil.com\/index\/wp-content\/uploads\/2023\/08\/solana-callejon-03-660x365.jpg?resize=640%2C354&#038;ssl=1\" alt=\"\" width=\"640\" height=\"354\" data-recalc-dims=\"1\" \/><\/p>\n<p>A este acto inaugural la alcaldesa lleg\u00f3 junto con los regidores Abelardo Javier Ortiz Navarrete, Omar Mart\u00ednez Arana y Concepci\u00f3n Carmona Caldela, la doctora Mar\u00eda Elena Solana Calzada, con quienes cort\u00f3 el list\u00f3n de manera simb\u00f3lica, abriendo al tr\u00e1nsito peatonal y vehicular esta pavimentaci\u00f3n con guarniciones y banquetas, que dar\u00e1 una mejor calidad de vida para los habitantes de la Colonia Ferrocarril.<\/p>\n<p><img loading=\"lazy\" decoding=\"async\" class=\"aligncenter size-medium wp-image-102192\" src=\"https:\/\/i0.wp.com\/www.noticiasperfil.com\/index\/wp-content\/uploads\/2023\/08\/solana-callejon-04-660x365.jpg?resize=640%2C354&#038;ssl=1\" alt=\"\" width=\"640\" height=\"354\" data-recalc-dims=\"1\" \/><\/p>\n<p>En la realizaci\u00f3n de esta obra se destin\u00f3 un presupuesto de 1 mill\u00f3n 988 mil 192.45 pesos, cubriendo una extensi\u00f3n de 814.46 metros, beneficiando de manera directa a 90 familias y de manera indirecta a la poblaci\u00f3n en general en la cabecera municipal, y colonias vecinas.<\/p>\n<p><img loading=\"lazy\" decoding=\"async\" class=\"aligncenter size-medium wp-image-102193\" src=\"https:\/\/i0.wp.com\/www.noticiasperfil.com\/index\/wp-content\/uploads\/2023\/08\/solana-callejon-05-660x365.jpg?resize=640%2C354&#038;ssl=1\" alt=\"\" width=\"640\" height=\"354\" data-recalc-dims=\"1\" \/><\/p>\n<p>Cabe destacar que tambi\u00e9n estuvieron en esta inauguraci\u00f3n, atestiguando el compromiso cumplido, los agentes municipales de las comunidades de Santa Rosa de Abata, Matacapan, Nompita, Cerro de las Iguanas, Emiliano Zapata y Texalpan de Arriba, quienes reconocieron el trabajo conjunto de la administraci\u00f3n municipal, consolidado la transformaci\u00f3n y el desarrollo de San Andr\u00e9s Tuxtla.<\/p>\n<p><img loading=\"lazy\" decoding=\"async\" class=\"aligncenter size-medium wp-image-102194\" src=\"https:\/\/i1.wp.com\/www.noticiasperfil.com\/index\/wp-content\/uploads\/2023\/08\/solana-callejon-06-660x365.jpg?resize=640%2C354&#038;ssl=1\" alt=\"\" width=\"640\" height=\"354\" data-recalc-dims=\"1\" \/><\/p>\n","protected":false},"excerpt":{"rendered":"<p>\u2022 Acompa\u00f1ada de regidores y colonos, la doctora Mar\u00eda Elena Solana Calzada inaugur\u00f3 esta vialidad que incluye guarniciones y banquetas y beneficia directamente a 90 familias. San Andr\u00e9s Tuxtla, Ver.- \u201cSeguimos entregando obras que transforman vidas, cumpli\u00e9ndole a la ciudadan\u00eda con resultados, en esta ocasi\u00f3n con la pavimentaci\u00f3n del Callej\u00f3n Jes\u00fas Ceja aqu\u00ed en la Colonia Ferrocarril, con la que ampliamos circuitos viales en las colonia populares, impulsando el desarrollo en cada punto de la cabecera municipal y consolidando el bienestar para la ciudadan\u00eda\u201d, afirm\u00f3 la Presidenta Municipal de San&hellip;<\/p>\n","protected":false},"author":1,"featured_media":0,"comment_status":"open","ping_status":"closed","sticky":false,"template":"","format":"standard","meta":{"footnotes":""},"categories":[3,12],"tags":[7966],"class_list":["post-102188","post","type-post","status-publish","format-standard","hentry","category-destacadas","category-san-andres-tuxtla","tag-maria-elena-solana-calzada"],"jetpack-related-posts":[],"_links":{"self":[{"href":"https:\/\/www.noticiasperfil.com\/index\/wp-json\/wp\/v2\/posts\/102188","targetHints":{"allow":["GET"]}}],"collection":[{"href":"https:\/\/www.noticiasperfil.com\/index\/wp-json\/wp\/v2\/posts"}],"about":[{"href":"https:\/\/www.noticiasperfil.com\/index\/wp-json\/wp\/v2\/types\/post"}],"author":[{"embeddable":true,"href":"https:\/\/www.noticiasperfil.com\/index\/wp-json\/wp\/v2\/users\/1"}],"replies":[{"embeddable":true,"href":"https:\/\/www.noticiasperfil.com\/index\/wp-json\/wp\/v2\/comments?post=102188"}],"version-history":[{"count":1,"href":"https:\/\/www.noticiasperfil.com\/index\/wp-json\/wp\/v2\/posts\/102188\/revisions"}],"predecessor-version":[{"id":102195,"href":"https:\/\/www.noticiasperfil.com\/index\/wp-json\/wp\/v2\/posts\/102188\/revisions\/102195"}],"wp:attachment":[{"href":"https:\/\/www.noticiasperfil.com\/index\/wp-json\/wp\/v2\/media?parent=102188"}],"wp:term":[{"taxonomy":"category","embeddable":true,"href":"https:\/\/www.noticiasperfil.com\/index\/wp-json\/wp\/v2\/categories?post=102188"},{"taxonomy":"post_tag","embeddable":true,"href":"https:\/\/www.noticiasperfil.com\/index\/wp-json\/wp\/v2\/tags?post=102188"}],"curies":[{"name":"wp","href":"https:\/\/api.w.org\/{rel}","templated":true}]}}