{"id":103041,"date":"2023-10-09T13:31:46","date_gmt":"2023-10-09T18:31:46","guid":{"rendered":"https:\/\/www.noticiasperfil.com\/index\/?p=103041"},"modified":"2023-10-09T13:31:46","modified_gmt":"2023-10-09T18:31:46","slug":"cinco-anos-de-gloria","status":"publish","type":"post","link":"https:\/\/www.noticiasperfil.com\/index\/2023\/10\/09\/cinco-anos-de-gloria\/","title":{"rendered":"Cinco a\u00f1os de Gloria"},"content":{"rendered":"<p><img loading=\"lazy\" decoding=\"async\" class=\"aligncenter size-medium wp-image-93558\" src=\"https:\/\/i1.wp.com\/www.noticiasperfil.com\/index\/wp-content\/uploads\/2022\/10\/sergio-gonzalez-levet-300x218.jpg?resize=300%2C218&#038;ssl=1\" alt=\"\" width=\"300\" height=\"218\" data-recalc-dims=\"1\" \/><\/p>\n<p><strong>Sin Tacto\/Por Sergio Gonz\u00e1lez Levet.<\/strong><\/p>\n<p>La maestra Gloria S\u00e1nchez Hern\u00e1ndez ofreci\u00f3 el s\u00e1bado pasado su quinto informe anual de labores como Senadora de la Rep\u00fablica por el Estado de Veracruz, en un evento en el que cundi\u00f3 el regocijo entre los militantes jarochos de Morena, desde el m\u00e1s alejado en alguna poblaci\u00f3n ind\u00edgena lejana hasta el Gobernador, pasando por toda la nomenclatura del partido actualmente en el poder.<\/p>\n<p>Y es que Gloria es ni m\u00e1s ni menos que la primera lopezobradorista de Veracruz, tanto hist\u00f3ricamente como por su lealtad invicta al proyecto de la ahora Cuarta transformaci\u00f3n.<\/p>\n<p>Primera en lo hist\u00f3rico, porque ha estado al lado de Andr\u00e9s Manuel desde que \u00e9ste empezaba sus luchas estatales desde el PRD y encontr\u00f3 en Xalapa a una militante decidida y la m\u00e1s honesta ideol\u00f3gicamente.<\/p>\n<p>Y primera en la lealtad, porque no ha variado un \u00e1pice su convicci\u00f3n. No por nada el l\u00edder emergente Andr\u00e9s Manuel L\u00f3pez Obrador pernoctaba en casa de la maestra cuando visitaba la capital en su recorrido por la Rep\u00fablica y pasaba largas veladas con ella y los compa\u00f1eros locales confrontando ideas, hilando sue\u00f1os y armando la base social que lo llevar\u00eda al triunfo en 2018.<\/p>\n<p>Debo decir que conoc\u00ed a Gloria S\u00e1nchez cuando ambos \u00e9ramos j\u00f3venes y coincid\u00edamos en nuestros sue\u00f1os de un M\u00e9xico mejor y m\u00e1s justo. Fuimos en un viaje a Cuba con varios compa\u00f1eros de la Escuela Normal Veracruzana y conocimos lo mejor del socialismo cuando Fidel Castro llevaba apenas 20 a\u00f1os en el poder y segu\u00eda siendo un referente para quienes luchaban por una Am\u00e9rica Latina libre del yugo del imperio yanqui.<\/p>\n<p>Me atrevo a afirmar que en esta tercera edad ambos seguimos teniendo la misma ilusi\u00f3n de aquellos a\u00f1os, pero la vida nos ha llevado por caminos diferentes. Persiste sin embargo en m\u00ed el afecto sincero y el reconocimiento a la impecable trayectoria social de esta luchadora incansable, dedicada de lleno a la justicia, la igualdad y la libertad, en todos los sentidos.<\/p>\n<p>En cinco a\u00f1os como representante del pacto federal, la maestra Gloria ha podido entregar buenas cuentas a los veracruzanos porque no ha abandonado su voluntad de gesti\u00f3n, y ha interpuesto en innumerables ocasiones su prestigio, su historia y hasta su patrimonio con el fin de ayudar a los pobres, que siempre han sido lo primero para ella.<\/p>\n<p>Como a muchos veracruzanos de bien, me da un enorme gusto haber podido seguir desde la distancia cercana la carrera inigualable de Gloria desde su formaci\u00f3n primera en la escuela y en la docencia, y luego junto a dos luchadores hist\u00f3ricos: Heberto Castillo y Andr\u00e9s Manuel, que siempre le guardaron y han guardado el respeto y la admiraci\u00f3n que se merece.<\/p>\n<p>Felicit\u00e9monos todos por esta veracruzana de excepci\u00f3n.<\/p>\n<p><a href=\"mailto:sglevet@gmail.com\">sglevet@gmail.com<\/a><\/p>\n","protected":false},"excerpt":{"rendered":"<p>Sin Tacto\/Por Sergio Gonz\u00e1lez Levet. La maestra Gloria S\u00e1nchez Hern\u00e1ndez ofreci\u00f3 el s\u00e1bado pasado su quinto informe anual de labores como Senadora de la Rep\u00fablica por el Estado de Veracruz, en un evento en el que cundi\u00f3 el regocijo entre los militantes jarochos de Morena, desde el m\u00e1s alejado en alguna poblaci\u00f3n ind\u00edgena lejana hasta el Gobernador, pasando por toda la nomenclatura del partido actualmente en el poder. Y es que Gloria es ni m\u00e1s ni menos que la primera lopezobradorista de Veracruz, tanto hist\u00f3ricamente como por su lealtad invicta&hellip;<\/p>\n","protected":false},"author":1,"featured_media":0,"comment_status":"open","ping_status":"closed","sticky":false,"template":"","format":"standard","meta":{"footnotes":""},"categories":[8,14],"tags":[7935],"class_list":["post-103041","post","type-post","status-publish","format-standard","hentry","category-opinion","category-sin-tacto","tag-sergio-gonzlaez-levet"],"jetpack-related-posts":[],"_links":{"self":[{"href":"https:\/\/www.noticiasperfil.com\/index\/wp-json\/wp\/v2\/posts\/103041","targetHints":{"allow":["GET"]}}],"collection":[{"href":"https:\/\/www.noticiasperfil.com\/index\/wp-json\/wp\/v2\/posts"}],"about":[{"href":"https:\/\/www.noticiasperfil.com\/index\/wp-json\/wp\/v2\/types\/post"}],"author":[{"embeddable":true,"href":"https:\/\/www.noticiasperfil.com\/index\/wp-json\/wp\/v2\/users\/1"}],"replies":[{"embeddable":true,"href":"https:\/\/www.noticiasperfil.com\/index\/wp-json\/wp\/v2\/comments?post=103041"}],"version-history":[{"count":1,"href":"https:\/\/www.noticiasperfil.com\/index\/wp-json\/wp\/v2\/posts\/103041\/revisions"}],"predecessor-version":[{"id":103042,"href":"https:\/\/www.noticiasperfil.com\/index\/wp-json\/wp\/v2\/posts\/103041\/revisions\/103042"}],"wp:attachment":[{"href":"https:\/\/www.noticiasperfil.com\/index\/wp-json\/wp\/v2\/media?parent=103041"}],"wp:term":[{"taxonomy":"category","embeddable":true,"href":"https:\/\/www.noticiasperfil.com\/index\/wp-json\/wp\/v2\/categories?post=103041"},{"taxonomy":"post_tag","embeddable":true,"href":"https:\/\/www.noticiasperfil.com\/index\/wp-json\/wp\/v2\/tags?post=103041"}],"curies":[{"name":"wp","href":"https:\/\/api.w.org\/{rel}","templated":true}]}}