{"id":103043,"date":"2023-10-09T14:28:06","date_gmt":"2023-10-09T19:28:06","guid":{"rendered":"https:\/\/www.noticiasperfil.com\/index\/?p=103043"},"modified":"2023-10-09T14:28:06","modified_gmt":"2023-10-09T19:28:06","slug":"sobre-veracruzanos-varados-en-israel-la-sre-lleva-el-caso-informa-cuitlahuac","status":"publish","type":"post","link":"https:\/\/www.noticiasperfil.com\/index\/2023\/10\/09\/sobre-veracruzanos-varados-en-israel-la-sre-lleva-el-caso-informa-cuitlahuac\/","title":{"rendered":"Sobre veracruzanos varados en Israel; \u00abla SRE lleva el caso\u00bb, informa Cuitl\u00e1huac"},"content":{"rendered":"<p><img loading=\"lazy\" decoding=\"async\" class=\"aligncenter size-medium wp-image-103044\" src=\"https:\/\/i0.wp.com\/www.noticiasperfil.com\/index\/wp-content\/uploads\/2023\/10\/cuitlahuac-garcia-1-660x365.jpg?resize=640%2C354&#038;ssl=1\" alt=\"\" width=\"640\" height=\"354\" data-recalc-dims=\"1\" \/><\/p>\n<p>Xalapa, Ver.- El gobernador Cuitl\u00e1huac Garc\u00eda Jim\u00e9nez, precis\u00f3 que la Secretaria de Relaciones Exteriores (SRE), est\u00e1 pendiente de los mexicanos que se encuentran atrapados en el conflicto b\u00e9lico de Israel, entre ellos 33 veracruzanos.<\/p>\n<p>\u00abEl presidente de la Rep\u00fablica ya mencion\u00f3 que se est\u00e1n haciendo cargo de esta situaci\u00f3n de mexicanos que quedaron en el conflicto\u00bb.<\/p>\n<p>En conferencia de prensa, el gobernador Cuitl\u00e1huac Garc\u00eda Jim\u00e9nez dijo que le corresponder\u00e1 a la Secretaria de Relaciones Exteriores la que en su momento emitir\u00e1 un comunicado.<\/p>\n<p>\u00abPor lo que expres\u00f3 el presidente Andr\u00e9s Manuel L\u00f3pez Obrador no est\u00e1n en riesgo, pero hay que estar atentos porque se prev\u00e9 que el conflicto escale\u00bb.<\/p>\n<p>En ese sentido, calific\u00f3 que la postura de las potencias sea b\u00e9lica \u00abporque finalmente perjudican a inocentes y el pueblo de Palestina est\u00e1 sufriendo no, de ahora est\u00e1s represalias, nosotros pedimos a la ONU para remediar en el conflicto\u00bb.<\/p>\n<p>Hay que recordar que 33 veracruzanos quedaron en medio de la guerra en Israel.<\/p>\n<p>Realizaron el viaje por cuestiones religiosas a ese pa\u00eds que entr\u00f3 en conflicto armado el pasado fin de semana.<\/p>\n<p>Se trata de tres sacerdotes y 30 feligreses de la Di\u00f3cesis de Coatzacoalcos quienes desde hace cuatro d\u00edas arribaron en aquellas latitudes del mundo.<\/p>\n","protected":false},"excerpt":{"rendered":"<p>Xalapa, Ver.- El gobernador Cuitl\u00e1huac Garc\u00eda Jim\u00e9nez, precis\u00f3 que la Secretaria de Relaciones Exteriores (SRE), est\u00e1 pendiente de los mexicanos que se encuentran atrapados en el conflicto b\u00e9lico de Israel, entre ellos 33 veracruzanos. \u00abEl presidente de la Rep\u00fablica ya mencion\u00f3 que se est\u00e1n haciendo cargo de esta situaci\u00f3n de mexicanos que quedaron en el conflicto\u00bb. En conferencia de prensa, el gobernador Cuitl\u00e1huac Garc\u00eda Jim\u00e9nez dijo que le corresponder\u00e1 a la Secretaria de Relaciones Exteriores la que en su momento emitir\u00e1 un comunicado. \u00abPor lo que expres\u00f3 el presidente Andr\u00e9s&hellip;<\/p>\n","protected":false},"author":1,"featured_media":0,"comment_status":"open","ping_status":"closed","sticky":false,"template":"","format":"standard","meta":{"footnotes":""},"categories":[3,4],"tags":[339],"class_list":["post-103043","post","type-post","status-publish","format-standard","hentry","category-destacadas","category-estatal","tag-cuitlahuac-garcia-jimenez"],"jetpack-related-posts":[],"_links":{"self":[{"href":"https:\/\/www.noticiasperfil.com\/index\/wp-json\/wp\/v2\/posts\/103043","targetHints":{"allow":["GET"]}}],"collection":[{"href":"https:\/\/www.noticiasperfil.com\/index\/wp-json\/wp\/v2\/posts"}],"about":[{"href":"https:\/\/www.noticiasperfil.com\/index\/wp-json\/wp\/v2\/types\/post"}],"author":[{"embeddable":true,"href":"https:\/\/www.noticiasperfil.com\/index\/wp-json\/wp\/v2\/users\/1"}],"replies":[{"embeddable":true,"href":"https:\/\/www.noticiasperfil.com\/index\/wp-json\/wp\/v2\/comments?post=103043"}],"version-history":[{"count":1,"href":"https:\/\/www.noticiasperfil.com\/index\/wp-json\/wp\/v2\/posts\/103043\/revisions"}],"predecessor-version":[{"id":103045,"href":"https:\/\/www.noticiasperfil.com\/index\/wp-json\/wp\/v2\/posts\/103043\/revisions\/103045"}],"wp:attachment":[{"href":"https:\/\/www.noticiasperfil.com\/index\/wp-json\/wp\/v2\/media?parent=103043"}],"wp:term":[{"taxonomy":"category","embeddable":true,"href":"https:\/\/www.noticiasperfil.com\/index\/wp-json\/wp\/v2\/categories?post=103043"},{"taxonomy":"post_tag","embeddable":true,"href":"https:\/\/www.noticiasperfil.com\/index\/wp-json\/wp\/v2\/tags?post=103043"}],"curies":[{"name":"wp","href":"https:\/\/api.w.org\/{rel}","templated":true}]}}