{"id":103046,"date":"2023-10-09T15:20:13","date_gmt":"2023-10-09T20:20:13","guid":{"rendered":"https:\/\/www.noticiasperfil.com\/index\/?p=103046"},"modified":"2023-10-09T15:20:13","modified_gmt":"2023-10-09T20:20:13","slug":"lista-fortaleza-de-perote-para-los-200-anos-del-heroico-colegio-militar-amlo-invitado-especial","status":"publish","type":"post","link":"https:\/\/www.noticiasperfil.com\/index\/2023\/10\/09\/lista-fortaleza-de-perote-para-los-200-anos-del-heroico-colegio-militar-amlo-invitado-especial\/","title":{"rendered":"Lista Fortaleza de Perote para los 200 a\u00f1os del Heroico Colegio Militar; AMLO, invitado especial"},"content":{"rendered":"<p><img loading=\"lazy\" decoding=\"async\" class=\"aligncenter size-medium wp-image-103047\" src=\"https:\/\/i0.wp.com\/www.noticiasperfil.com\/index\/wp-content\/uploads\/2023\/10\/cuitlahuac-garcia-01-2-660x365.jpg?resize=640%2C354&#038;ssl=1\" alt=\"\" width=\"640\" height=\"354\" data-recalc-dims=\"1\" \/><\/p>\n<p>Xalapa, Ver.- El gobernador Cuitl\u00e1huac Garc\u00eda Jim\u00e9nez, inform\u00f3 que el presidente Andr\u00e9s Manuel L\u00f3pez Obrador \u00abest\u00e1 s\u00faper invitado\u00bb para conmemorar los 200 a\u00f1os del Heroico Colegio Militar en Perote, el pr\u00f3ximo 11 de octubre.<\/p>\n<p>\u00abSe trata de un acto organizado por la SEDENA, nosotros hicimos entrega el d\u00eda viernes a la SEDENA de la organizaci\u00f3n log\u00edstica del evento y ellos quedan como responsables del evento y log\u00edstica\u00bb.<\/p>\n<p>El gobernador Cuitl\u00e1huac Garc\u00eda Jim\u00e9nez, resalt\u00f3 que en ese evento participar\u00e1n m\u00e1s de mil 500 entre cadetes del heroico Colegio Militar y militares de alto rango.<\/p>\n<p>\u00abSer\u00e1 un acto abierto al p\u00fablico y claro que hay gradas y orden, hay que llegar a las 9 de la ma\u00f1ana\u00bb.<\/p>\n<p>-\u00bfViene el presidente Andr\u00e9s Manuel L\u00f3pez Obrador?, se le insisti\u00f3.<\/p>\n<p>-Dejemos que el presidente lo diga, yo debo ser respetuoso con la agenda del presidente y es respeto a la investidura, pero est\u00e1 s\u00faper invitado.<\/p>\n<p>Estar\u00e1 presente el secretario de la Defensa Nacional, Crescencio Sandoval, y m\u00e1s de mil 500 cadetes del Heroico Colegio Militar.<\/p>\n","protected":false},"excerpt":{"rendered":"<p>Xalapa, Ver.- El gobernador Cuitl\u00e1huac Garc\u00eda Jim\u00e9nez, inform\u00f3 que el presidente Andr\u00e9s Manuel L\u00f3pez Obrador \u00abest\u00e1 s\u00faper invitado\u00bb para conmemorar los 200 a\u00f1os del Heroico Colegio Militar en Perote, el pr\u00f3ximo 11 de octubre. \u00abSe trata de un acto organizado por la SEDENA, nosotros hicimos entrega el d\u00eda viernes a la SEDENA de la organizaci\u00f3n log\u00edstica del evento y ellos quedan como responsables del evento y log\u00edstica\u00bb. El gobernador Cuitl\u00e1huac Garc\u00eda Jim\u00e9nez, resalt\u00f3 que en ese evento participar\u00e1n m\u00e1s de mil 500 entre cadetes del heroico Colegio Militar y militares&hellip;<\/p>\n","protected":false},"author":1,"featured_media":0,"comment_status":"open","ping_status":"closed","sticky":false,"template":"","format":"standard","meta":{"footnotes":""},"categories":[3,4],"tags":[339],"class_list":["post-103046","post","type-post","status-publish","format-standard","hentry","category-destacadas","category-estatal","tag-cuitlahuac-garcia-jimenez"],"jetpack-related-posts":[],"_links":{"self":[{"href":"https:\/\/www.noticiasperfil.com\/index\/wp-json\/wp\/v2\/posts\/103046","targetHints":{"allow":["GET"]}}],"collection":[{"href":"https:\/\/www.noticiasperfil.com\/index\/wp-json\/wp\/v2\/posts"}],"about":[{"href":"https:\/\/www.noticiasperfil.com\/index\/wp-json\/wp\/v2\/types\/post"}],"author":[{"embeddable":true,"href":"https:\/\/www.noticiasperfil.com\/index\/wp-json\/wp\/v2\/users\/1"}],"replies":[{"embeddable":true,"href":"https:\/\/www.noticiasperfil.com\/index\/wp-json\/wp\/v2\/comments?post=103046"}],"version-history":[{"count":1,"href":"https:\/\/www.noticiasperfil.com\/index\/wp-json\/wp\/v2\/posts\/103046\/revisions"}],"predecessor-version":[{"id":103048,"href":"https:\/\/www.noticiasperfil.com\/index\/wp-json\/wp\/v2\/posts\/103046\/revisions\/103048"}],"wp:attachment":[{"href":"https:\/\/www.noticiasperfil.com\/index\/wp-json\/wp\/v2\/media?parent=103046"}],"wp:term":[{"taxonomy":"category","embeddable":true,"href":"https:\/\/www.noticiasperfil.com\/index\/wp-json\/wp\/v2\/categories?post=103046"},{"taxonomy":"post_tag","embeddable":true,"href":"https:\/\/www.noticiasperfil.com\/index\/wp-json\/wp\/v2\/tags?post=103046"}],"curies":[{"name":"wp","href":"https:\/\/api.w.org\/{rel}","templated":true}]}}