{"id":103049,"date":"2023-10-09T15:32:19","date_gmt":"2023-10-09T20:32:19","guid":{"rendered":"https:\/\/www.noticiasperfil.com\/index\/?p=103049"},"modified":"2023-10-09T15:32:19","modified_gmt":"2023-10-09T20:32:19","slug":"facilita-gobierno-municipal-capacitacion-sobre-trata-de-personas-dirigida-a-bachilleratos","status":"publish","type":"post","link":"https:\/\/www.noticiasperfil.com\/index\/2023\/10\/09\/facilita-gobierno-municipal-capacitacion-sobre-trata-de-personas-dirigida-a-bachilleratos\/","title":{"rendered":"Facilita Gobierno Municipal, capacitaci\u00f3n sobre \u201cTrata de Personas\u201d dirigida a bachilleratos"},"content":{"rendered":"<p><img loading=\"lazy\" decoding=\"async\" class=\"aligncenter size-medium wp-image-103051\" src=\"https:\/\/i0.wp.com\/www.noticiasperfil.com\/index\/wp-content\/uploads\/2023\/10\/sat-platica-02-660x365.jpg?resize=640%2C354&#038;ssl=1\" alt=\"\" width=\"640\" height=\"354\" data-recalc-dims=\"1\" \/><\/p>\n<ul>\n<li><em><strong>Con la coordinaci\u00f3n del regidor s\u00e9ptimo, profesor Edgardo Cecilio Ram\u00edrez Sosa, en el Teatro Municipal se imparti\u00f3 la charla a cargo del Supervisor en la Zona Sur de los Consejos Municipales de Seguridad P\u00fablica y Comit\u00e9s de Participaci\u00f3n Ciudadana.<\/strong><\/em><\/li>\n<\/ul>\n<p>San Andr\u00e9s Tuxtla, Ver.- Con la finalidad de fomentar la concientizaci\u00f3n sobre la gravedad del problema de trata de personas, el Ayuntamiento de San Andr\u00e9s Tuxtla que preside la Dra. Mar\u00eda Elena Solana Calzada, con el apoyo y coordinaci\u00f3n de la regidur\u00eda s\u00e9ptima que representa el profesor Edgardo Cecilio Ram\u00edrez Sosa, facilit\u00f3 la impartici\u00f3n de la pl\u00e1tica orientativa y preventiva sobre este tema, teniendo como sede el Teatro de la Ciudad, con la finalidad de reconocer y saber actuar en caso de tener conocimiento sobre la comisi\u00f3n de este delito.<\/p>\n<p><img loading=\"lazy\" decoding=\"async\" class=\"aligncenter size-medium wp-image-103050\" src=\"https:\/\/i1.wp.com\/www.noticiasperfil.com\/index\/wp-content\/uploads\/2023\/10\/sat-platica-01-660x365.jpg?resize=640%2C354&#038;ssl=1\" alt=\"\" width=\"640\" height=\"354\" data-recalc-dims=\"1\" \/><\/p>\n<p>\u201cAgradezco la participaci\u00f3n de las escuelas, hoy con los alumnos del COBAEV 70, sus docentes y por supuesto la directora la licenciada Patricia del Carmen Figueroa Moreno, con estas acciones que en San Andr\u00e9s Tuxtla, son impulsadas de forma directa por el Gobierno Municipal, que adem\u00e1s facilita los recursos necesarios que permitan ofrecer mayores garant\u00edas de seguridad para la sociedad, gracias tambi\u00e9n al licenciado Juan Carlos J\u00e1come Serena, Supervisor en la Zona Sur de los Consejos Municipales de Seguridad P\u00fablica y Comit\u00e9s de Participaci\u00f3n Ciudadana, por su valiosa aportaci\u00f3n con esta charla preventiva\u201d, expres\u00f3 el regidor s\u00e9ptimo Edgardo Cecilio Ram\u00edrez Sosa, en su discurso de apertura para este evento.<\/p>\n<p><img loading=\"lazy\" decoding=\"async\" class=\"aligncenter size-medium wp-image-103052\" src=\"https:\/\/i0.wp.com\/www.noticiasperfil.com\/index\/wp-content\/uploads\/2023\/10\/sat-platica-03-660x365.jpg?resize=640%2C354&#038;ssl=1\" alt=\"\" width=\"640\" height=\"354\" data-recalc-dims=\"1\" \/><\/p>\n<p>La conferencia impartida por Juan Carlos J\u00e1come Serena, permiti\u00f3 a los participantes obtener m\u00e1s informaci\u00f3n relacionada con este grave fen\u00f3meno social y contar con mayores herramientas para brindar atenci\u00f3n a quien sea v\u00edctima de \u00e9ste, adem\u00e1s de hacer un recorrido hist\u00f3rico y contextual sobre este delito que anteriormente fue llamado trata de blancas debido a que en una \u00e9poca, el tr\u00e1fico de esclavos no era delito, pero s\u00ed lo era cuando se trataba de personas de tez clara.<\/p>\n<p><img loading=\"lazy\" decoding=\"async\" class=\"aligncenter size-medium wp-image-103053\" src=\"https:\/\/i1.wp.com\/www.noticiasperfil.com\/index\/wp-content\/uploads\/2023\/10\/sat-platica-04-660x365.jpg?resize=640%2C354&#038;ssl=1\" alt=\"\" width=\"640\" height=\"354\" data-recalc-dims=\"1\" \/><\/p>\n<p>En este acto estuvieron adem\u00e1s de la alcaldesa Mar\u00eda Elena Solana Calzada, el regidor Abelardo Javier Ortiz Navarrete, Ximena Tress Fadanelli, Edgardo Cecilio Ram\u00edrez Sosa y Danae V\u00e1zquez Molina, as\u00ed como en Director de Seguridad P\u00fablica Municipal, Maurice Hern\u00e1ndez Xala.<\/p>\n<p><img loading=\"lazy\" decoding=\"async\" class=\"aligncenter size-medium wp-image-103054\" src=\"https:\/\/i1.wp.com\/www.noticiasperfil.com\/index\/wp-content\/uploads\/2023\/10\/sat-platica-05-660x365.jpg?resize=640%2C354&#038;ssl=1\" alt=\"\" width=\"640\" height=\"354\" data-recalc-dims=\"1\" \/><\/p>\n<p>\u201cGracias al esfuerzo que mantienen los Consejos Municipales de Seguridad P\u00fablica, Comit\u00e9s de Participaci\u00f3n Ciudadana, cuerpos policiales y organismos de protecci\u00f3n a la ciudadan\u00eda, con adecuada capacitaci\u00f3n, nos es posible ofrecer orientaci\u00f3n oportuna a las personas que padecen a causa de esta problem\u00e1tica contra la cual se lucha de manera constante a trav\u00e9s de los diferentes \u00f3rganos de gobierno, principalmente a los j\u00f3venes que desconocen los riesgos que hay en el uso de redes sociales cuando no se toman las medidas de privacidad adecuadas\u201d, extern\u00f3 la mun\u00edcipe quien agradeci\u00f3 la coordinaci\u00f3n de esfuerzos de las distintas oficinas encargadas de crear mecanismos de protecci\u00f3n para la sociedad.<\/p>\n","protected":false},"excerpt":{"rendered":"<p>Con la coordinaci\u00f3n del regidor s\u00e9ptimo, profesor Edgardo Cecilio Ram\u00edrez Sosa, en el Teatro Municipal se imparti\u00f3 la charla a cargo del Supervisor en la Zona Sur de los Consejos Municipales de Seguridad P\u00fablica y Comit\u00e9s de Participaci\u00f3n Ciudadana. San Andr\u00e9s Tuxtla, Ver.- Con la finalidad de fomentar la concientizaci\u00f3n sobre la gravedad del problema de trata de personas, el Ayuntamiento de San Andr\u00e9s Tuxtla que preside la Dra. Mar\u00eda Elena Solana Calzada, con el apoyo y coordinaci\u00f3n de la regidur\u00eda s\u00e9ptima que representa el profesor Edgardo Cecilio Ram\u00edrez Sosa,&hellip;<\/p>\n","protected":false},"author":1,"featured_media":0,"comment_status":"open","ping_status":"closed","sticky":false,"template":"","format":"standard","meta":{"footnotes":""},"categories":[3,4],"tags":[],"class_list":["post-103049","post","type-post","status-publish","format-standard","hentry","category-destacadas","category-estatal"],"jetpack-related-posts":[],"_links":{"self":[{"href":"https:\/\/www.noticiasperfil.com\/index\/wp-json\/wp\/v2\/posts\/103049","targetHints":{"allow":["GET"]}}],"collection":[{"href":"https:\/\/www.noticiasperfil.com\/index\/wp-json\/wp\/v2\/posts"}],"about":[{"href":"https:\/\/www.noticiasperfil.com\/index\/wp-json\/wp\/v2\/types\/post"}],"author":[{"embeddable":true,"href":"https:\/\/www.noticiasperfil.com\/index\/wp-json\/wp\/v2\/users\/1"}],"replies":[{"embeddable":true,"href":"https:\/\/www.noticiasperfil.com\/index\/wp-json\/wp\/v2\/comments?post=103049"}],"version-history":[{"count":1,"href":"https:\/\/www.noticiasperfil.com\/index\/wp-json\/wp\/v2\/posts\/103049\/revisions"}],"predecessor-version":[{"id":103055,"href":"https:\/\/www.noticiasperfil.com\/index\/wp-json\/wp\/v2\/posts\/103049\/revisions\/103055"}],"wp:attachment":[{"href":"https:\/\/www.noticiasperfil.com\/index\/wp-json\/wp\/v2\/media?parent=103049"}],"wp:term":[{"taxonomy":"category","embeddable":true,"href":"https:\/\/www.noticiasperfil.com\/index\/wp-json\/wp\/v2\/categories?post=103049"},{"taxonomy":"post_tag","embeddable":true,"href":"https:\/\/www.noticiasperfil.com\/index\/wp-json\/wp\/v2\/tags?post=103049"}],"curies":[{"name":"wp","href":"https:\/\/api.w.org\/{rel}","templated":true}]}}