{"id":103056,"date":"2023-10-09T15:41:12","date_gmt":"2023-10-09T20:41:12","guid":{"rendered":"https:\/\/www.noticiasperfil.com\/index\/?p=103056"},"modified":"2023-10-09T15:41:12","modified_gmt":"2023-10-09T20:41:12","slug":"confirma-gobernador-traslado-de-ex-fiscal-jorge-n-de-pacho-viejo-a-penal-federal","status":"publish","type":"post","link":"https:\/\/www.noticiasperfil.com\/index\/2023\/10\/09\/confirma-gobernador-traslado-de-ex-fiscal-jorge-n-de-pacho-viejo-a-penal-federal\/","title":{"rendered":"Confirma gobernador traslado de ex Fiscal Jorge \u00abN\u00bb de Pacho Viejo a penal federal"},"content":{"rendered":"<p><img loading=\"lazy\" decoding=\"async\" class=\"aligncenter size-medium wp-image-103057\" src=\"https:\/\/i1.wp.com\/www.noticiasperfil.com\/index\/wp-content\/uploads\/2023\/10\/cuitlahuac-garcia-02-1-660x365.jpg?resize=640%2C354&#038;ssl=1\" alt=\"\" width=\"640\" height=\"354\" data-recalc-dims=\"1\" \/><\/p>\n<p>Xalapa, Ver.- El gobernador Cuitl\u00e1huac Garc\u00eda Jim\u00e9nez, confirm\u00f3 el traslado del exfiscal Jorge \u00abN\u00bb de Pacho Viejo a un penal federal.<\/p>\n<p>\u00abEn efecto nos comunic\u00f3 la Fiscal general del estado de que hab\u00eda llegado una decisi\u00f3n de un juez federal para que se regresar\u00e1 en virtud de que el exFiscal hizo una argumentaci\u00f3n para la cual ten\u00eda derecho y con el amparo promovido se ten\u00eda que regresar\u00bb.<\/p>\n<p>En conferencia de prensa, el gobernador Cuitl\u00e1huac Garc\u00eda Jim\u00e9nez, dijo que se atendi\u00f3 la decisi\u00f3n del juez y \u00abentiendo que fue trasladado de regreso, no entiendo a qu\u00e9 penal, pero es un penal federal y eso queda en manos del juez que le otorg\u00f3 el amparo\u00bb.<\/p>\n<p>La semana pasada, el exFiscal Jorge \u00abN\u00bb ingres\u00f3 al penal de Pacho Viejo, procedente del centro penitenciario federal de El Altiplano.<\/p>\n<p>Se le imputan los delitos de secuestro y desaparici\u00f3n forzada de una persona aplic\u00e1ndole leyes generales y el C\u00f3digo Penal Federal.<\/p>\n","protected":false},"excerpt":{"rendered":"<p>Xalapa, Ver.- El gobernador Cuitl\u00e1huac Garc\u00eda Jim\u00e9nez, confirm\u00f3 el traslado del exfiscal Jorge \u00abN\u00bb de Pacho Viejo a un penal federal. \u00abEn efecto nos comunic\u00f3 la Fiscal general del estado de que hab\u00eda llegado una decisi\u00f3n de un juez federal para que se regresar\u00e1 en virtud de que el exFiscal hizo una argumentaci\u00f3n para la cual ten\u00eda derecho y con el amparo promovido se ten\u00eda que regresar\u00bb. En conferencia de prensa, el gobernador Cuitl\u00e1huac Garc\u00eda Jim\u00e9nez, dijo que se atendi\u00f3 la decisi\u00f3n del juez y \u00abentiendo que fue trasladado de&hellip;<\/p>\n","protected":false},"author":1,"featured_media":0,"comment_status":"open","ping_status":"closed","sticky":false,"template":"","format":"standard","meta":{"footnotes":""},"categories":[3,4],"tags":[10294,2742],"class_list":["post-103056","post","type-post","status-publish","format-standard","hentry","category-destacadas","category-estatal","tag-cuitlahuaca-garcia-jimenez","tag-jorge-winckler-ortiz"],"jetpack-related-posts":[],"_links":{"self":[{"href":"https:\/\/www.noticiasperfil.com\/index\/wp-json\/wp\/v2\/posts\/103056","targetHints":{"allow":["GET"]}}],"collection":[{"href":"https:\/\/www.noticiasperfil.com\/index\/wp-json\/wp\/v2\/posts"}],"about":[{"href":"https:\/\/www.noticiasperfil.com\/index\/wp-json\/wp\/v2\/types\/post"}],"author":[{"embeddable":true,"href":"https:\/\/www.noticiasperfil.com\/index\/wp-json\/wp\/v2\/users\/1"}],"replies":[{"embeddable":true,"href":"https:\/\/www.noticiasperfil.com\/index\/wp-json\/wp\/v2\/comments?post=103056"}],"version-history":[{"count":1,"href":"https:\/\/www.noticiasperfil.com\/index\/wp-json\/wp\/v2\/posts\/103056\/revisions"}],"predecessor-version":[{"id":103058,"href":"https:\/\/www.noticiasperfil.com\/index\/wp-json\/wp\/v2\/posts\/103056\/revisions\/103058"}],"wp:attachment":[{"href":"https:\/\/www.noticiasperfil.com\/index\/wp-json\/wp\/v2\/media?parent=103056"}],"wp:term":[{"taxonomy":"category","embeddable":true,"href":"https:\/\/www.noticiasperfil.com\/index\/wp-json\/wp\/v2\/categories?post=103056"},{"taxonomy":"post_tag","embeddable":true,"href":"https:\/\/www.noticiasperfil.com\/index\/wp-json\/wp\/v2\/tags?post=103056"}],"curies":[{"name":"wp","href":"https:\/\/api.w.org\/{rel}","templated":true}]}}