{"id":103237,"date":"2023-10-17T16:08:56","date_gmt":"2023-10-17T21:08:56","guid":{"rendered":"https:\/\/www.noticiasperfil.com\/index\/?p=103237"},"modified":"2023-10-17T16:08:56","modified_gmt":"2023-10-17T21:08:56","slug":"firman-convenio-de-colaboracion-its-de-san-andres-tuxtla-y-tierra-blanca","status":"publish","type":"post","link":"https:\/\/www.noticiasperfil.com\/index\/2023\/10\/17\/firman-convenio-de-colaboracion-its-de-san-andres-tuxtla-y-tierra-blanca\/","title":{"rendered":"Firman convenio de colaboraci\u00f3n ITS de San Andr\u00e9s Tuxtla y Tierra Blanca"},"content":{"rendered":"<p><img loading=\"lazy\" decoding=\"async\" class=\"aligncenter size-medium wp-image-103238\" src=\"https:\/\/i0.wp.com\/www.noticiasperfil.com\/index\/wp-content\/uploads\/2023\/10\/luis-miguel-cordoba-01-660x365.jpg?resize=640%2C354&#038;ssl=1\" alt=\"\" width=\"640\" height=\"354\" data-recalc-dims=\"1\" \/><\/p>\n<p>San Andr\u00e9s Tuxtla, Ver.- Con el objetivo de garantizar los trabajos que se realizar\u00e1n entre el Instituto Tecnol\u00f3gico Superior de San Andr\u00e9s Tuxtla y el de Tierra Blanca, se llev\u00f3 a cabo la firma de convenio de colaboraci\u00f3n entre ambas instituciones, mismo que enmarca el trabajo que realizar\u00e1n ambas instituciones en beneficio del estudiantado.<\/p>\n<p>Con la presencia de los directores del ITS de San Andr\u00e9s Tuxtla, M.E. Luis Miguel Cordoba Ferman y del ITS de Tierra Blanca, Dr. Sidney Ren\u00e9 Toledo Mart\u00ednez, se llev\u00f3 a cabo esta firma de convenio quienes se hicieron acompa\u00f1ar por personal directivo de ambas instituciones educativas como testigos de honor.<\/p>\n<p><img loading=\"lazy\" decoding=\"async\" class=\"aligncenter size-medium wp-image-103239\" src=\"https:\/\/i2.wp.com\/www.noticiasperfil.com\/index\/wp-content\/uploads\/2023\/10\/luis-miguel-cordoba-02-660x365.jpg?resize=640%2C354&#038;ssl=1\" alt=\"\" width=\"640\" height=\"354\" data-recalc-dims=\"1\" \/><\/p>\n<p>Los puntos acordados fueron la acreditaci\u00f3n de los alumnos del ITS de Tierra Blanca a trav\u00e9s del Centro de Lenguas Extranjeras del ITS de San Andr\u00e9s, as\u00ed como la posibilidad de movilizaci\u00f3n de las y los estudiante entre ambas instituciones.<\/p>\n<p>Adem\u00e1s, que ambas partes convienen que el objeto del presente Convenio General de Colaboraci\u00f3n consiste en establecer \u00fanicamente las bases generales de colaboraci\u00f3n entre las partes, para promover y desarrollar diversas acciones de inter\u00e9s y beneficio mutuo que refuercen la vinculaci\u00f3n entre los Tecnol\u00f3gicos.<\/p>\n","protected":false},"excerpt":{"rendered":"<p>San Andr\u00e9s Tuxtla, Ver.- Con el objetivo de garantizar los trabajos que se realizar\u00e1n entre el Instituto Tecnol\u00f3gico Superior de San Andr\u00e9s Tuxtla y el de Tierra Blanca, se llev\u00f3 a cabo la firma de convenio de colaboraci\u00f3n entre ambas instituciones, mismo que enmarca el trabajo que realizar\u00e1n ambas instituciones en beneficio del estudiantado. Con la presencia de los directores del ITS de San Andr\u00e9s Tuxtla, M.E. Luis Miguel Cordoba Ferman y del ITS de Tierra Blanca, Dr. Sidney Ren\u00e9 Toledo Mart\u00ednez, se llev\u00f3 a cabo esta firma de convenio&hellip;<\/p>\n","protected":false},"author":1,"featured_media":0,"comment_status":"open","ping_status":"closed","sticky":false,"template":"","format":"standard","meta":{"footnotes":""},"categories":[3,12],"tags":[9801,1383],"class_list":["post-103237","post","type-post","status-publish","format-standard","hentry","category-destacadas","category-san-andres-tuxtla","tag-luis-miguel-cordoba-ferman","tag-tecnologico-de-san-andres-tuxtla"],"jetpack-related-posts":[],"_links":{"self":[{"href":"https:\/\/www.noticiasperfil.com\/index\/wp-json\/wp\/v2\/posts\/103237","targetHints":{"allow":["GET"]}}],"collection":[{"href":"https:\/\/www.noticiasperfil.com\/index\/wp-json\/wp\/v2\/posts"}],"about":[{"href":"https:\/\/www.noticiasperfil.com\/index\/wp-json\/wp\/v2\/types\/post"}],"author":[{"embeddable":true,"href":"https:\/\/www.noticiasperfil.com\/index\/wp-json\/wp\/v2\/users\/1"}],"replies":[{"embeddable":true,"href":"https:\/\/www.noticiasperfil.com\/index\/wp-json\/wp\/v2\/comments?post=103237"}],"version-history":[{"count":1,"href":"https:\/\/www.noticiasperfil.com\/index\/wp-json\/wp\/v2\/posts\/103237\/revisions"}],"predecessor-version":[{"id":103240,"href":"https:\/\/www.noticiasperfil.com\/index\/wp-json\/wp\/v2\/posts\/103237\/revisions\/103240"}],"wp:attachment":[{"href":"https:\/\/www.noticiasperfil.com\/index\/wp-json\/wp\/v2\/media?parent=103237"}],"wp:term":[{"taxonomy":"category","embeddable":true,"href":"https:\/\/www.noticiasperfil.com\/index\/wp-json\/wp\/v2\/categories?post=103237"},{"taxonomy":"post_tag","embeddable":true,"href":"https:\/\/www.noticiasperfil.com\/index\/wp-json\/wp\/v2\/tags?post=103237"}],"curies":[{"name":"wp","href":"https:\/\/api.w.org\/{rel}","templated":true}]}}