{"id":103499,"date":"2023-10-30T15:36:01","date_gmt":"2023-10-30T21:36:01","guid":{"rendered":"https:\/\/www.noticiasperfil.com\/index\/?p=103499"},"modified":"2023-10-30T15:36:01","modified_gmt":"2023-10-30T21:36:01","slug":"se-remedia-antiguo-basurero-del-puerto-de-veracruz-pma","status":"publish","type":"post","link":"https:\/\/www.noticiasperfil.com\/index\/2023\/10\/30\/se-remedia-antiguo-basurero-del-puerto-de-veracruz-pma\/","title":{"rendered":"Se remedia antiguo basurero del puerto de Veracruz: PMA"},"content":{"rendered":"<p><img loading=\"lazy\" decoding=\"async\" class=\"aligncenter size-medium wp-image-103500\" src=\"https:\/\/i0.wp.com\/www.noticiasperfil.com\/index\/wp-content\/uploads\/2023\/10\/sergio-rodriguez-cortes-01-660x365.jpg?resize=640%2C354&#038;ssl=1\" alt=\"\" width=\"640\" height=\"354\" data-recalc-dims=\"1\" \/><\/p>\n<ul>\n<li><em><strong>Ya no seguir\u00e1 contaminando el Sistema Arrecifal Veracruzano: Sergio Rodr\u00edguez.<\/strong><\/em><\/li>\n<\/ul>\n<p>Xalapa, Ver.- El Procurador del Medio Ambiente (PMA), Sergio Rodr\u00edguez Cort\u00e9s, inform\u00f3 que con la clausura y saneamiento del basurero antiguo de la ciudad de Veracruz ya no se seguir\u00e1 contaminando con lixiviados -sustancia que produce mal olor- el Sistema Arrecifal Veracruzano.<\/p>\n<p>A trav\u00e9s de un video en sus redes sociales, record\u00f3 que cuando inici\u00f3 el sexenio \u00abnos encontramos con uno de los pasivos ambientales m\u00e1s grandes del estado. En el Puerto de Veracruz, permanec\u00edan acumuladas 2.5 millones de metros c\u00fabicos de basura manejada de manera inadecuada.\u00bb<\/p>\n<p>En ese sentido, el titular de la PMA, Sergio Rodr\u00edguez precis\u00f3 que la instrucci\u00f3n del gobernador Cuitl\u00e1huac Garc\u00eda Jim\u00e9nez fue precisa el de hacer justicia ambiental.<\/p>\n<p>\u00abEste sitio se clausur\u00f3 y ahora estamos remediando un problema que en 26 a\u00f1os no se hab\u00eda solucionado; esa es la diferencia entre una autoridad inoperable y una verdadera Procuraduria. \u00bb<\/p>\n<p>Rodr\u00edguez Cort\u00e9s, resalt\u00f3 que \u00abnosotros nos dedicamos a hacer nuestro trabajo, clausuramos este lugar, mandamos a las empresas y municipios a depositar en un lugar adecuado y logramos despu\u00e9s de muchos a\u00f1os que el municipio y la Administraci\u00f3n del Sistema Portuario Nacional nos donaron los terrenos\u00bb.<\/p>\n<p>Por lo que la PMA se comprometi\u00f3 a realizar la infraestructura para que los residuos no se sigan exponiendo y quemando.<\/p>\n","protected":false},"excerpt":{"rendered":"<p>Ya no seguir\u00e1 contaminando el Sistema Arrecifal Veracruzano: Sergio Rodr\u00edguez. Xalapa, Ver.- El Procurador del Medio Ambiente (PMA), Sergio Rodr\u00edguez Cort\u00e9s, inform\u00f3 que con la clausura y saneamiento del basurero antiguo de la ciudad de Veracruz ya no se seguir\u00e1 contaminando con lixiviados -sustancia que produce mal olor- el Sistema Arrecifal Veracruzano. A trav\u00e9s de un video en sus redes sociales, record\u00f3 que cuando inici\u00f3 el sexenio \u00abnos encontramos con uno de los pasivos ambientales m\u00e1s grandes del estado. En el Puerto de Veracruz, permanec\u00edan acumuladas 2.5 millones de metros&hellip;<\/p>\n","protected":false},"author":1,"featured_media":0,"comment_status":"open","ping_status":"closed","sticky":false,"template":"","format":"standard","meta":{"footnotes":""},"categories":[3,4],"tags":[1335],"class_list":["post-103499","post","type-post","status-publish","format-standard","hentry","category-destacadas","category-estatal","tag-sergio-rodriguez-cortes"],"jetpack-related-posts":[],"_links":{"self":[{"href":"https:\/\/www.noticiasperfil.com\/index\/wp-json\/wp\/v2\/posts\/103499","targetHints":{"allow":["GET"]}}],"collection":[{"href":"https:\/\/www.noticiasperfil.com\/index\/wp-json\/wp\/v2\/posts"}],"about":[{"href":"https:\/\/www.noticiasperfil.com\/index\/wp-json\/wp\/v2\/types\/post"}],"author":[{"embeddable":true,"href":"https:\/\/www.noticiasperfil.com\/index\/wp-json\/wp\/v2\/users\/1"}],"replies":[{"embeddable":true,"href":"https:\/\/www.noticiasperfil.com\/index\/wp-json\/wp\/v2\/comments?post=103499"}],"version-history":[{"count":1,"href":"https:\/\/www.noticiasperfil.com\/index\/wp-json\/wp\/v2\/posts\/103499\/revisions"}],"predecessor-version":[{"id":103501,"href":"https:\/\/www.noticiasperfil.com\/index\/wp-json\/wp\/v2\/posts\/103499\/revisions\/103501"}],"wp:attachment":[{"href":"https:\/\/www.noticiasperfil.com\/index\/wp-json\/wp\/v2\/media?parent=103499"}],"wp:term":[{"taxonomy":"category","embeddable":true,"href":"https:\/\/www.noticiasperfil.com\/index\/wp-json\/wp\/v2\/categories?post=103499"},{"taxonomy":"post_tag","embeddable":true,"href":"https:\/\/www.noticiasperfil.com\/index\/wp-json\/wp\/v2\/tags?post=103499"}],"curies":[{"name":"wp","href":"https:\/\/api.w.org\/{rel}","templated":true}]}}