{"id":103759,"date":"2023-11-10T13:57:45","date_gmt":"2023-11-10T19:57:45","guid":{"rendered":"https:\/\/www.noticiasperfil.com\/index\/?p=103759"},"modified":"2023-11-10T13:57:45","modified_gmt":"2023-11-10T19:57:45","slug":"anuncia-pma-ambienton-para-la-region-de-xalapa","status":"publish","type":"post","link":"https:\/\/www.noticiasperfil.com\/index\/2023\/11\/10\/anuncia-pma-ambienton-para-la-region-de-xalapa\/","title":{"rendered":"Anuncia PMA \u00abAmbient\u00f3n\u00bb para la regi\u00f3n de Xalapa"},"content":{"rendered":"<p><img loading=\"lazy\" decoding=\"async\" class=\"aligncenter size-medium wp-image-103760\" src=\"https:\/\/i0.wp.com\/www.noticiasperfil.com\/index\/wp-content\/uploads\/2023\/11\/sergio-rodriguez-cortes-1-660x365.jpg?resize=640%2C354&#038;ssl=1\" alt=\"\" width=\"640\" height=\"354\" data-recalc-dims=\"1\" \/><\/p>\n<p>Xalapa, Ver.- El Procurador del Medio Ambiente (PMA), Sergio Rodr\u00edguez Cort\u00e9s, anunci\u00f3 la instalaci\u00f3n de centros de acopio de manera permanente en los municipios de Emiliano Zapata, Banderilla, Coatepec y Xalapa.<\/p>\n<p>El objetivo es contar con un lugar especial para residuos especiales.<\/p>\n<p>En conferencia de prensa, el titular de la PMA, Sergio Rodr\u00edguez Cort\u00e9s, explic\u00f3 que es importante que los ciudadanos ubiquen a los centros m\u00e1s cercanos.<\/p>\n<p>\u00abEstos residuos, como las pilas y llantas, entre otros m\u00e1s, hacen da\u00f1o al medio ambiente, por eso es sumamente importante que todo contaminante se pueda atender\u00bb.<\/p>\n<p>Al respeto,, explic\u00f3 que \u00abtodo lo que estamos haciendo es para ayudar fe manera correcta al medio ambiente.\u00bb<\/p>\n<p>El Procurador de Medio Ambiente estuvo este viernes en Xalapa para invitar al &#8216;Ambient\u00f3n Festival Ecol\u00f3gico&#8217;, en Xalapa.<\/p>\n<p>Que se llevar\u00e1 a cabo los d\u00edas 16, 17 y 18 de noviembre en diferentes sedes de Xalapa.<\/p>\n","protected":false},"excerpt":{"rendered":"<p>Xalapa, Ver.- El Procurador del Medio Ambiente (PMA), Sergio Rodr\u00edguez Cort\u00e9s, anunci\u00f3 la instalaci\u00f3n de centros de acopio de manera permanente en los municipios de Emiliano Zapata, Banderilla, Coatepec y Xalapa. El objetivo es contar con un lugar especial para residuos especiales. En conferencia de prensa, el titular de la PMA, Sergio Rodr\u00edguez Cort\u00e9s, explic\u00f3 que es importante que los ciudadanos ubiquen a los centros m\u00e1s cercanos. \u00abEstos residuos, como las pilas y llantas, entre otros m\u00e1s, hacen da\u00f1o al medio ambiente, por eso es sumamente importante que todo contaminante&hellip;<\/p>\n","protected":false},"author":1,"featured_media":0,"comment_status":"open","ping_status":"closed","sticky":false,"template":"","format":"standard","meta":{"footnotes":""},"categories":[3,4],"tags":[5934,1335],"class_list":["post-103759","post","type-post","status-publish","format-standard","hentry","category-destacadas","category-estatal","tag-pma-veracruz","tag-sergio-rodriguez-cortes"],"jetpack-related-posts":[],"_links":{"self":[{"href":"https:\/\/www.noticiasperfil.com\/index\/wp-json\/wp\/v2\/posts\/103759","targetHints":{"allow":["GET"]}}],"collection":[{"href":"https:\/\/www.noticiasperfil.com\/index\/wp-json\/wp\/v2\/posts"}],"about":[{"href":"https:\/\/www.noticiasperfil.com\/index\/wp-json\/wp\/v2\/types\/post"}],"author":[{"embeddable":true,"href":"https:\/\/www.noticiasperfil.com\/index\/wp-json\/wp\/v2\/users\/1"}],"replies":[{"embeddable":true,"href":"https:\/\/www.noticiasperfil.com\/index\/wp-json\/wp\/v2\/comments?post=103759"}],"version-history":[{"count":1,"href":"https:\/\/www.noticiasperfil.com\/index\/wp-json\/wp\/v2\/posts\/103759\/revisions"}],"predecessor-version":[{"id":103761,"href":"https:\/\/www.noticiasperfil.com\/index\/wp-json\/wp\/v2\/posts\/103759\/revisions\/103761"}],"wp:attachment":[{"href":"https:\/\/www.noticiasperfil.com\/index\/wp-json\/wp\/v2\/media?parent=103759"}],"wp:term":[{"taxonomy":"category","embeddable":true,"href":"https:\/\/www.noticiasperfil.com\/index\/wp-json\/wp\/v2\/categories?post=103759"},{"taxonomy":"post_tag","embeddable":true,"href":"https:\/\/www.noticiasperfil.com\/index\/wp-json\/wp\/v2\/tags?post=103759"}],"curies":[{"name":"wp","href":"https:\/\/api.w.org\/{rel}","templated":true}]}}