{"id":103793,"date":"2023-11-13T09:46:09","date_gmt":"2023-11-13T15:46:09","guid":{"rendered":"https:\/\/www.noticiasperfil.com\/index\/?p=103793"},"modified":"2023-11-13T09:46:09","modified_gmt":"2023-11-13T15:46:09","slug":"cierran-filas-alcaldes-y-diputados-locales-con-rocio-nahle","status":"publish","type":"post","link":"https:\/\/www.noticiasperfil.com\/index\/2023\/11\/13\/cierran-filas-alcaldes-y-diputados-locales-con-rocio-nahle\/","title":{"rendered":"Cierran filas alcaldes y diputados locales con Roc\u00edo Nahle"},"content":{"rendered":"<p><img loading=\"lazy\" decoding=\"async\" class=\"aligncenter size-medium wp-image-103794\" src=\"https:\/\/i2.wp.com\/www.noticiasperfil.com\/index\/wp-content\/uploads\/2023\/11\/rocio-nahle-01-660x365.jpg?resize=640%2C354&#038;ssl=1\" alt=\"\" width=\"640\" height=\"354\" data-recalc-dims=\"1\" \/><\/p>\n<ul>\n<li><em><strong>La 4T, advierte, que todo Veracruz seguir\u00e1 con el proyecto transformador. siguiendo sus principios y volviendo a las plazas p\u00fablicas.<\/strong><\/em><\/li>\n<li><em><strong>Roc\u00edo Nahle y Manuel Huerta, la dupla que garantizar\u00e1 la continuidad de la 4T en Veracruz.<\/strong><\/em><\/li>\n<li><em><strong>Reconocen suma de Zenyazen Escobar y Claudia Tello Espinosa. <\/strong><\/em><\/li>\n<\/ul>\n<p>Boca del R\u00edo, Ver.- Oficio pol\u00edtico, sensibilidad y fortaleza, demostr\u00f3 hoy la Coordinadora de Comit\u00e9s de Defensa de la 4T en Veracruz, Roc\u00edo Nahle Garc\u00eda, quien a puerta cerrada, lider\u00f3 un c\u00f3nclave partidista que congreg\u00f3 a los actores pol\u00edticos m\u00e1s importantes de Morena, Partido Verde y Partido del Trabajo, unidos y organizados a favor de su proyecto y la continuidad de la Cuarta Transformaci\u00f3n en el estado.<\/p>\n<p>Esta tarde, 146 alcaldes, diputados federales y locales as\u00ed como liderazgos de Movimiento Regeneraci\u00f3n Nacional (Morena, PT, PVEM) cerraron filas a favor de Nahle Garc\u00eda y de su llamado a la unidad y a caminar juntos dando por concluido el proceso interno de la elecci\u00f3n de los Comit\u00e9s de Defensa de la Cuarta Transformaci\u00f3n.<\/p>\n<p><img loading=\"lazy\" decoding=\"async\" class=\"aligncenter size-medium wp-image-103795\" src=\"https:\/\/i1.wp.com\/www.noticiasperfil.com\/index\/wp-content\/uploads\/2023\/11\/rocio-nahle-02-660x365.jpg?resize=640%2C354&#038;ssl=1\" alt=\"\" width=\"640\" height=\"354\" data-recalc-dims=\"1\" \/><\/p>\n<p>El liderazgo nato de Nahle Garc\u00eda, tuvo como corolario un llamado conjunto a la unidad y a la organizaci\u00f3n, sobre todo a no \u201cbarrer para atr\u00e1s\u201d y sumar hacia adelante.<\/p>\n<p>Roc\u00edo Nahle record\u00f3 que Morena no solo es un movimiento sino la mejor opci\u00f3n que la ciudadan\u00eda tiene para lograr un mejor pa\u00eds por lo que ser\u00e1 solo con trabajo y no con simulaci\u00f3n, como se garantizar\u00e1 la continuidad de la Cuarta Transformaci\u00f3n en la entidad y en el pa\u00eds de la mano de Claudia Sheinbaum Pardo.<\/p>\n<p>Adem\u00e1s, en este encuentro, se traz\u00f3 la ruta de acci\u00f3n para integrar a este plan escuchar a todos los sectores productivos y pol\u00edticos, trabajo constante, di\u00e1logo y total apertura.<\/p>\n","protected":false},"excerpt":{"rendered":"<p>La 4T, advierte, que todo Veracruz seguir\u00e1 con el proyecto transformador. siguiendo sus principios y volviendo a las plazas p\u00fablicas. Roc\u00edo Nahle y Manuel Huerta, la dupla que garantizar\u00e1 la continuidad de la 4T en Veracruz. Reconocen suma de Zenyazen Escobar y Claudia Tello Espinosa. Boca del R\u00edo, Ver.- Oficio pol\u00edtico, sensibilidad y fortaleza, demostr\u00f3 hoy la Coordinadora de Comit\u00e9s de Defensa de la 4T en Veracruz, Roc\u00edo Nahle Garc\u00eda, quien a puerta cerrada, lider\u00f3 un c\u00f3nclave partidista que congreg\u00f3 a los actores pol\u00edticos m\u00e1s importantes de Morena, Partido Verde&hellip;<\/p>\n","protected":false},"author":1,"featured_media":0,"comment_status":"open","ping_status":"closed","sticky":false,"template":"","format":"standard","meta":{"footnotes":""},"categories":[3,4],"tags":[3387],"class_list":["post-103793","post","type-post","status-publish","format-standard","hentry","category-destacadas","category-estatal","tag-rocio-nahle-garcia"],"jetpack-related-posts":[],"_links":{"self":[{"href":"https:\/\/www.noticiasperfil.com\/index\/wp-json\/wp\/v2\/posts\/103793","targetHints":{"allow":["GET"]}}],"collection":[{"href":"https:\/\/www.noticiasperfil.com\/index\/wp-json\/wp\/v2\/posts"}],"about":[{"href":"https:\/\/www.noticiasperfil.com\/index\/wp-json\/wp\/v2\/types\/post"}],"author":[{"embeddable":true,"href":"https:\/\/www.noticiasperfil.com\/index\/wp-json\/wp\/v2\/users\/1"}],"replies":[{"embeddable":true,"href":"https:\/\/www.noticiasperfil.com\/index\/wp-json\/wp\/v2\/comments?post=103793"}],"version-history":[{"count":1,"href":"https:\/\/www.noticiasperfil.com\/index\/wp-json\/wp\/v2\/posts\/103793\/revisions"}],"predecessor-version":[{"id":103796,"href":"https:\/\/www.noticiasperfil.com\/index\/wp-json\/wp\/v2\/posts\/103793\/revisions\/103796"}],"wp:attachment":[{"href":"https:\/\/www.noticiasperfil.com\/index\/wp-json\/wp\/v2\/media?parent=103793"}],"wp:term":[{"taxonomy":"category","embeddable":true,"href":"https:\/\/www.noticiasperfil.com\/index\/wp-json\/wp\/v2\/categories?post=103793"},{"taxonomy":"post_tag","embeddable":true,"href":"https:\/\/www.noticiasperfil.com\/index\/wp-json\/wp\/v2\/tags?post=103793"}],"curies":[{"name":"wp","href":"https:\/\/api.w.org\/{rel}","templated":true}]}}