{"id":103797,"date":"2023-11-13T09:54:51","date_gmt":"2023-11-13T15:54:51","guid":{"rendered":"https:\/\/www.noticiasperfil.com\/index\/?p=103797"},"modified":"2023-11-13T09:54:51","modified_gmt":"2023-11-13T15:54:51","slug":"espaldarazo-del-gobernador-a-rocio-nahle-como-coordinadora-de-morena-en-veracruz","status":"publish","type":"post","link":"https:\/\/www.noticiasperfil.com\/index\/2023\/11\/13\/espaldarazo-del-gobernador-a-rocio-nahle-como-coordinadora-de-morena-en-veracruz\/","title":{"rendered":"Espaldarazo del Gobernador a Roc\u00edo Nahle como Coordinadora de Morena en Veracruz"},"content":{"rendered":"<p><img loading=\"lazy\" decoding=\"async\" class=\"aligncenter size-medium wp-image-103798\" src=\"https:\/\/i2.wp.com\/www.noticiasperfil.com\/index\/wp-content\/uploads\/2023\/11\/nahle-cuitlahuac-660x365.jpg?resize=640%2C354&#038;ssl=1\" alt=\"\" width=\"640\" height=\"354\" data-recalc-dims=\"1\" \/><\/p>\n<p>Xalapa, Ver.- Luego de los resultados de este viernes que dieron como ganadora a Roc\u00edo Nahle, exsecretaria de Energ\u00eda al obtener el 16 por ciento en cuanto a la preferencia del voto, el gobernador Cuitl\u00e1huac Garc\u00eda Jim\u00e9nez la recibi\u00f3 y respald\u00f3.<\/p>\n<p>A trav\u00e9s de un mensaje en redes sociales, el Mandatario resalt\u00f3 que fue el respaldo popular fue la que la hizo prevalecer y darle la confianza para encabezar la Coordinaci\u00f3n para la Defensa de la Cuarta Transformaci\u00f3n en Veracruz. <a class=\"x1i10hfl xjbqb8w x6umtig x1b1mbwd xaqea5y xav7gou x9f619 x1ypdohk xt0psk2 xe8uvvx xdj266r x11i5rnm xat24cr x1mh8g0r xexx8yu x4uap5 x18d9i69 xkhd6sd x16tdsg8 x1hl2dhg xggy1nq x1a2a7pz xt0b8zv x1fey0fg\" tabindex=\"0\" role=\"link\" href=\"https:\/\/l.facebook.com\/l.php?u=https%3A%2F%2Fbit.ly%2F47vhkmQ%3Ffbclid%3DIwAR1k8ffo7Al84T3suhqDvac2xKoeVWMoDESXiX4FMOkwLfSV51Eo7LeHddQ&amp;h=AT1RncWepKOFwCvP_hlEV2CFobKtdqUTwQPfTCziwVEhPTalE0MvNWvV1mPPpTIA6nYGXz8F5cvYqHjEJ5oMj3KILrgnTnhJydb3zMklFHIys632L68Qp0ViNMFYMjsskjFJ6jMR2t0tVlXYKpq-&amp;__tn__=-UK-R&amp;c[0]=AT3t5b6CX63a2pv0Sc7VvJ2c4WhtZanJXgg88J9rNjfy2p0tok_ONZ9GZ4EIUGS-8wyl2Hf0MMD8iaaKNTPpB1Rq6x00MruHwkfxQczExIcpyMzVKCgyy4cX2MlaGKnSab_K4vuXswcEN8T709qJ5frv1gp8LuLG5zHSK67TtUvVE7VOyuujt5pws7GIIOytEi8xfm1fFOo2yA\" target=\"_blank\" rel=\"nofollow noopener noreferrer\">https:\/\/bit.ly\/47vhkmQ<\/a><\/p>\n<p>\u00abRoci\u00f3 Nahle, mujer de lucha y no de enbalde es senadora, secretaria de Energ\u00eda con el principal proyecto energ\u00e9tico del pa\u00eds, probablemente de Latinoam\u00e9rica. No hay comparativa de lo hizo ella por M\u00e9xico y Veracruz al construir la refiner\u00eda Dos Bocas\u00bb.<\/p>\n<p>Garc\u00eda Jim\u00e9nez destac\u00f3 las cualidades de la ex secretaria y confi\u00f3 en que ser\u00e1 la sucesora ideal: \u00abse prob\u00f3 su honestidad, capacidad, compromiso y visi\u00f3n; es algo que en Veracruz requiere para reforzar el trabajo realizado y hay que seguir empujando\u00bb.<\/p>\n<p>Dijo que ahora, la tarea de Roc\u00edo Nahle es hacer trabajo de organizaci\u00f3n al interior de MORENA y se dijo seguro que cumplir\u00e1 ese compromiso. Le agradeci\u00f3 haberse tomado un tiempo para personalmente poder felicitarla<br \/>\nEste domingo, Garc\u00eda Jim\u00e9nez tambi\u00e9n aprovecho el d\u00eda para trasladarse a Tabasco como invitado al Quinto Informe de su hom\u00f3logo, Carlos Merino.<\/p>\n","protected":false},"excerpt":{"rendered":"<p>Xalapa, Ver.- Luego de los resultados de este viernes que dieron como ganadora a Roc\u00edo Nahle, exsecretaria de Energ\u00eda al obtener el 16 por ciento en cuanto a la preferencia del voto, el gobernador Cuitl\u00e1huac Garc\u00eda Jim\u00e9nez la recibi\u00f3 y respald\u00f3. A trav\u00e9s de un mensaje en redes sociales, el Mandatario resalt\u00f3 que fue el respaldo popular fue la que la hizo prevalecer y darle la confianza para encabezar la Coordinaci\u00f3n para la Defensa de la Cuarta Transformaci\u00f3n en Veracruz. https:\/\/bit.ly\/47vhkmQ \u00abRoci\u00f3 Nahle, mujer de lucha y no de enbalde&hellip;<\/p>\n","protected":false},"author":1,"featured_media":0,"comment_status":"open","ping_status":"closed","sticky":false,"template":"","format":"standard","meta":{"footnotes":""},"categories":[3,4],"tags":[339,3387],"class_list":["post-103797","post","type-post","status-publish","format-standard","hentry","category-destacadas","category-estatal","tag-cuitlahuac-garcia-jimenez","tag-rocio-nahle-garcia"],"jetpack-related-posts":[],"_links":{"self":[{"href":"https:\/\/www.noticiasperfil.com\/index\/wp-json\/wp\/v2\/posts\/103797","targetHints":{"allow":["GET"]}}],"collection":[{"href":"https:\/\/www.noticiasperfil.com\/index\/wp-json\/wp\/v2\/posts"}],"about":[{"href":"https:\/\/www.noticiasperfil.com\/index\/wp-json\/wp\/v2\/types\/post"}],"author":[{"embeddable":true,"href":"https:\/\/www.noticiasperfil.com\/index\/wp-json\/wp\/v2\/users\/1"}],"replies":[{"embeddable":true,"href":"https:\/\/www.noticiasperfil.com\/index\/wp-json\/wp\/v2\/comments?post=103797"}],"version-history":[{"count":1,"href":"https:\/\/www.noticiasperfil.com\/index\/wp-json\/wp\/v2\/posts\/103797\/revisions"}],"predecessor-version":[{"id":103799,"href":"https:\/\/www.noticiasperfil.com\/index\/wp-json\/wp\/v2\/posts\/103797\/revisions\/103799"}],"wp:attachment":[{"href":"https:\/\/www.noticiasperfil.com\/index\/wp-json\/wp\/v2\/media?parent=103797"}],"wp:term":[{"taxonomy":"category","embeddable":true,"href":"https:\/\/www.noticiasperfil.com\/index\/wp-json\/wp\/v2\/categories?post=103797"},{"taxonomy":"post_tag","embeddable":true,"href":"https:\/\/www.noticiasperfil.com\/index\/wp-json\/wp\/v2\/tags?post=103797"}],"curies":[{"name":"wp","href":"https:\/\/api.w.org\/{rel}","templated":true}]}}