{"id":103822,"date":"2023-11-14T17:10:37","date_gmt":"2023-11-14T23:10:37","guid":{"rendered":"https:\/\/www.noticiasperfil.com\/index\/?p=103822"},"modified":"2023-11-14T17:10:37","modified_gmt":"2023-11-14T23:10:37","slug":"marcelo-ebrard-no-se-peleara-con-una-candidata-presidencial","status":"publish","type":"post","link":"https:\/\/www.noticiasperfil.com\/index\/2023\/11\/14\/marcelo-ebrard-no-se-peleara-con-una-candidata-presidencial\/","title":{"rendered":"Marcelo Ebrard no se pelear\u00e1 con una candidata presidencial"},"content":{"rendered":"<p><img loading=\"lazy\" decoding=\"async\" class=\"aligncenter size-medium wp-image-93945\" src=\"https:\/\/i2.wp.com\/www.noticiasperfil.com\/index\/wp-content\/uploads\/2022\/11\/repechaje-300x174.jpg?resize=300%2C174&#038;ssl=1\" alt=\"\" width=\"300\" height=\"174\" data-recalc-dims=\"1\" \/><\/p>\n<p><strong>Repechaje\/Por Quirino Moreno Quiza.<\/strong><\/p>\n<p><em><strong>*Decidi\u00f3 esperar al 2030 para volver por su fueros<br \/>\n*PRI\u2026 Silvia Dom\u00ednguez\u2026 fue muy bienvenida<br \/>\n*Fallecen Alejandro G\u00f3mez y Abel Cuevas\u2026 Solidarios<br \/>\n*Rafael \u201cEl Chino\u201d P\u00e9rez busca candidatura a diputaci\u00f3n federal<br \/>\n*P\u00ebrez Sanchez se inscribi\u00f3 en proceso de Morena \u2026Buen cuadro<br \/>\n*Ariadna Selene y Rafa P\u00e9rez bucar\u00e1n distrito X de Xalapa<br \/>\n*CDMX\u2026 A Ernestina Godoy se le hace bolas el engrudo<br \/>\n*La menos 26 diputados votar\u00e1n en contra de su ratificaci\u00f3n<br \/>\n*Legisladores acusan persecuci\u00f3n de Godoy<br \/>\n*Acapulco se queda solo con la tragedia\u2026AMLO no los oye <\/strong><\/em><\/p>\n<p>*** \u00a1Plop! Como smoking rentado que sale bien planchado, qued\u00f3 ya la aspiraci\u00f3n del ex canciller Marcelo Ebrard, quien ya sali\u00f3 a declarar que seguir\u00e1 en Morena y que iniciar\u00e1 acercamiento con la candidata presidencial de ese partido, Claudia Sheinbaum Pardo, para seguir prepar\u00e1ndose para el 2030\u2026 Para algunos, los que est\u00e1 haciendo Marcelo es indigno, insultante no s\u00f3lo para \u00e9l sino para todos los que creyeron en \u00e9l\u2026 y para otros, simplemente se trata de una salida pr\u00e1ctica y sencilla ante la indiferencia mostrada por Morena y por el propio presidente ante los reclamos que Ebrard ven\u00eda impulsando de manera airada\u2026pero de repente se ponch\u00f3, se desinfl\u00f3\u2026 Cero y van dos\u2026 Lo cierto es que tambi\u00e9n hay quienes aseguran que la decisi\u00f3n de Marcelo es hasta \u201csalom\u00f3nica\u201d\u2026<\/p>\n<p>*** \u00a1La bienvenida! Buena impresi\u00f3n ha causado la llegada de do\u00f1a Silvia Dom\u00ednguez L\u00f3pez como Secretaria de Operaci\u00f3n Pol\u00edtica del Partido Revolucionario Institucional (PRI)&#8230; Son muchos los priistas que consideran que el nombramiento Dom\u00ednguez L\u00f3pez significar\u00e1 much\u00edsimo para el partido ya que se trata de una mujer profesionista con amplia trayectoria en el servicio p\u00fablico y adem\u00e1s, con much\u00edsimo trabajo partidista\u2026 De hecho, al evento de su designaci\u00f3n, do\u00f1a Silvia cont\u00f3 con el apoyo de muchas y muchos priistas que asistieron a festejar con ella\u2026<\/p>\n<p>*** \u00a1Solidarios! Dos muy lamentables fallecimientos se conocieron este lunes\u2026 Uno es el de Alejandro G\u00f3mez Cazar\u00edn, ex presidente de la JOCOPO del Congreso Local de Campeche, a quien tuvimos la oportunidad de tratar hace pocos a\u00f1os en Minatitl\u00e1n\u2026 Tambi\u00e9n nos enteramos del deceso de Abel Cuevas Melo, conocido y reconocido panista veracruzano oriundo de Coatepec que transit\u00f3 por diversos cargos p\u00fablicos estatales, municipales y federales, entre los que se cuentan varios de elecci\u00f3n popular\u2026Desde este humilde espacio enviamos abrazo solidario a familiares y amigos de ambos deseando que encuentren pronto consuelo\u2026<\/p>\n<p>*** \u00a1Se lanz\u00f3! Rafael P\u00e9rez S\u00e1nchez, un pol\u00edtico que durante muchos a\u00f1os ha estado activo, sobre todo en la ciudad capital del estado de Veracruz ha decidido inscribirse en el proceso interno de Morena para buscar la candidatura a la diputaci\u00f3n federal por el Distrito X de Xalapa\u2026 Cabe mencionar que Rafa \u201cEl Chino\u201d P\u00e9rez cuenta con muchos a\u00f1os de trabajo en las numerosas colonias de Xalapa y es ampliamente conocido ya que tambi\u00e9n ha sido Regidor, desde donde realiz\u00f3 un trabajo intenso\u2026<\/p>\n<p>*** \u00bfY si fuese una mujer? Y como hab\u00edamos anunciado aqu\u00ed hace varias semanas, la Oficial Mayor de la Secretar\u00eda de Educaci\u00f3n de Veracruz, Ariadna Selene Aguilar Amaya busca tambi\u00e9n la candidatura de Morena para la diputaci\u00f3n Federal por el Distrito X de Xalapa, aunque antes se le mencionaba tambi\u00e9n como buen perfil para una Senadur\u00eda\u2026<\/p>\n<p>*** \u00bfEso es la 4T? All\u00e1 en la CDMX, a la fiscal do\u00f1a Ernestina Godoy Ramos se le ha complicado todo respecto a su intenci\u00f3n de ser ratificada luego de que al menos 26 diputados han manifestado que votar\u00e1n en contra, a pesar de que son varios legisladores que han acusado una persecuci\u00f3n contra ellos por parte de la Fiscal General de Justicia de la CDMX, acusada, entre otras cosas por espionaje ilegal contra gente de la pol\u00edtica\u2026 pero los diputados insisten en que no la dejar\u00e1n continuar en ese cargo del que ha abusado mucho\u2026 Y de hecho, Godoy y sus allegados est\u00e1n denunciando a esos legisladores de la CDMX por supuesto narcotr\u00e1fico y otras ocurrencias m\u00e1s\u2026<\/p>\n<p>*** \u00a1Oficialismo lejos de los Acapulque\u00f1os! Pues ha podido m\u00e1s la sordera y la necedad presidencial, que todas las voces de los mexicanos que piden y exigen el apoyo necesarios para la reconstrucci\u00f3n inmediata de Acapulco y municipios vecinos a los que el hurac\u00e1n \u201cOtis\u201d&#8230; Pero todo ha sido in\u00fatil hasta ahora\u2026 Ni legisladores, ni gobernadora ni presidente han mostrado intenci\u00f3n alguna para reactivar un centro tur\u00edstico que, entre otras cosas, deja mucho en materia de impuestos\u2026 Ojal\u00e1 que el presidente L\u00f3pez Obrador no est\u00e9 viendo esta tragedia solo desde la visi\u00f3n electorera\u2026si es as\u00ed, nos le cuadran las cuentas de votos\u2026 Esto es una tragedia y las necesidades son humanas y son urgentes\u2026<\/p>\n<p>quirino.moreno@entornopolitico.com<\/p>\n<p>columnarepechaje@gmail.com<\/p>\n<p>X: quirinomq<\/p>\n<p><a href=\"http:\/\/www.entornopolitico.com\" target=\"_blank\" rel=\"noopener\">www.entornopolitico.com<\/a><\/p>\n","protected":false},"excerpt":{"rendered":"<p>Repechaje\/Por Quirino Moreno Quiza. *Decidi\u00f3 esperar al 2030 para volver por su fueros *PRI\u2026 Silvia Dom\u00ednguez\u2026 fue muy bienvenida *Fallecen Alejandro G\u00f3mez y Abel Cuevas\u2026 Solidarios *Rafael \u201cEl Chino\u201d P\u00e9rez busca candidatura a diputaci\u00f3n federal *P\u00ebrez Sanchez se inscribi\u00f3 en proceso de Morena \u2026Buen cuadro *Ariadna Selene y Rafa P\u00e9rez bucar\u00e1n distrito X de Xalapa *CDMX\u2026 A Ernestina Godoy se le hace bolas el engrudo *La menos 26 diputados votar\u00e1n en contra de su ratificaci\u00f3n *Legisladores acusan persecuci\u00f3n de Godoy *Acapulco se queda solo con la tragedia\u2026AMLO no los oye&hellip;<\/p>\n","protected":false},"author":1,"featured_media":0,"comment_status":"open","ping_status":"closed","sticky":false,"template":"","format":"standard","meta":{"footnotes":""},"categories":[8,11],"tags":[1155],"class_list":["post-103822","post","type-post","status-publish","format-standard","hentry","category-opinion","category-repechaje","tag-quirino-moreno-quiza"],"jetpack-related-posts":[],"_links":{"self":[{"href":"https:\/\/www.noticiasperfil.com\/index\/wp-json\/wp\/v2\/posts\/103822","targetHints":{"allow":["GET"]}}],"collection":[{"href":"https:\/\/www.noticiasperfil.com\/index\/wp-json\/wp\/v2\/posts"}],"about":[{"href":"https:\/\/www.noticiasperfil.com\/index\/wp-json\/wp\/v2\/types\/post"}],"author":[{"embeddable":true,"href":"https:\/\/www.noticiasperfil.com\/index\/wp-json\/wp\/v2\/users\/1"}],"replies":[{"embeddable":true,"href":"https:\/\/www.noticiasperfil.com\/index\/wp-json\/wp\/v2\/comments?post=103822"}],"version-history":[{"count":1,"href":"https:\/\/www.noticiasperfil.com\/index\/wp-json\/wp\/v2\/posts\/103822\/revisions"}],"predecessor-version":[{"id":103823,"href":"https:\/\/www.noticiasperfil.com\/index\/wp-json\/wp\/v2\/posts\/103822\/revisions\/103823"}],"wp:attachment":[{"href":"https:\/\/www.noticiasperfil.com\/index\/wp-json\/wp\/v2\/media?parent=103822"}],"wp:term":[{"taxonomy":"category","embeddable":true,"href":"https:\/\/www.noticiasperfil.com\/index\/wp-json\/wp\/v2\/categories?post=103822"},{"taxonomy":"post_tag","embeddable":true,"href":"https:\/\/www.noticiasperfil.com\/index\/wp-json\/wp\/v2\/tags?post=103822"}],"curies":[{"name":"wp","href":"https:\/\/api.w.org\/{rel}","templated":true}]}}