{"id":103824,"date":"2023-11-14T19:37:55","date_gmt":"2023-11-15T01:37:55","guid":{"rendered":"https:\/\/www.noticiasperfil.com\/index\/?p=103824"},"modified":"2026-02-06T20:42:10","modified_gmt":"2026-02-07T02:42:10","slug":"sheinbaum-y-rocio-en-los-tuxtlas","status":"publish","type":"post","link":"https:\/\/www.noticiasperfil.com\/index\/2023\/11\/14\/sheinbaum-y-rocio-en-los-tuxtlas\/","title":{"rendered":"Sheinbaum y Roc\u00edo en los Tuxtlas"},"content":{"rendered":"<p><img loading=\"lazy\" decoding=\"async\" class=\"aligncenter size-medium wp-image-103825\" src=\"https:\/\/i2.wp.com\/www.noticiasperfil.com\/index\/wp-content\/uploads\/2023\/11\/nahle-sheinbaum-660x365.jpg?resize=640%2C354&#038;ssl=1\" alt=\"\" width=\"640\" height=\"354\" data-recalc-dims=\"1\" \/><\/p>\n<p><strong>Aqu\u00ed en los Tuxtlas y en los Llanos\/Por V\u00edctor Calder\u00f3n Azamar.<\/strong><\/p>\n<p>Sera este 22 de noviembre, d\u00eda del m\u00fasico, cuando arribe a la capital de los Tuxtlas, San Andr\u00e9s Tuxtla, la Candidata Presidencial, Claudia Sheinbaum Pardo, quien llegara acompa\u00f1ada a esta tur\u00edstica poblaci\u00f3n por Roc\u00edo Nhale Garc\u00eda, quienes juntas sostendr\u00e1n varias reuniones partidistas con la militancia del Partido Morena.<\/p>\n<p>Ante el arribo de Claudia Sheinbaum y Roc\u00edo Nhale a esta politizada demarcaci\u00f3n, existe entre los diversos sectores de la sociedad Tuxtleca, un gran inter\u00e9s por conocer la tesis de gobierno de ambas pretendientes al Gobierno Nacional y Estatal, sobre todo las iniciativas gubernamentales que pretenden efectuar a favor de los municipios de esta parte de la entidad, en donde cada seis a\u00f1os, se habla de la llegada de muchos programas sociales, para sacar adelante a los sectores vulnerables, ofrecimientos gubernamentales que se quedan en puras promesas, sin embargo con todo y que el actual Gobierno Estatal, tuvo algunos errores al no cumplir algunas promesas de campa\u00f1a, en la actualidad, una parte de la poblaci\u00f3n tienen confianza que si Claudia y Roc\u00edo, llegan a ser Gobernantes, habr\u00e1n de cumplir muchos compromisos sociales para que este rinc\u00f3n Veracruzano, se desarrolle con el aprovechamiento de sus recursos naturales.<\/p>\n<p>En los c\u00edrculos pol\u00edticos cercanos a Roc\u00edo Nhale, se insiste que para el Proyecto Nhalista, se acrecent\u00e9 en los Tuxtlas, los municipios de esta zona, son una prioridad, no solo para contener a la oposici\u00f3n, sino porque esta demarcaci\u00f3n se puede convertir en una reserva del partido Guinda, por lo que desde ahora est\u00e1n mandando un claro mensaje a sus enemigos de la oposici\u00f3n, \u201c Vamos por todo para consolidar nuestro terreno electoral\u201d, lo cual lo realizaran ,sin pactos en lo oscurito o acuerdos bajo la mesa, estrategia que ven\u00edan haciendo varios pol\u00edticos afines al Diputado Sergio Guti\u00e9rrez Luna que hoy ante sus vilezas anda fuera del proyecto de Morena en Veracruz.<\/p>\n<p>Lo cierto es que en el arribo de la Sheinbaum y Roc\u00edo a los Tuxtlas, se ver\u00e1 la participaci\u00f3n de la mayor\u00eda de los grupos pol\u00edticos de la Cuarta Transformaci\u00f3n, lo cual nos pronostica que este evento pol\u00edtico har\u00e1 historia en esta regi\u00f3n de Veracruz, al saber aplicar la nueva ingenier\u00eda electoral, para buscar desde hoy la unidad Morenista, y de esta forma lograr regresar a los hijos desobedientes y rebeldes a la Casa Guinda, y as\u00ed sacar adelante los pr\u00f3ximos comicios del 2024, en fin veremos hasta donde son capaz de llegar los Morenistas Tuxtlecos.<\/p>\n<p>Desde este humilde espacio, nos unimos a la pena que embarga a la familia G\u00f3mez Cazar\u00edn, ante el sensible fallecimiento del Diputado Alejandro G\u00f3mez Cazar\u00edn pedimos a Dios por su eterno descanso y elevamos una oraci\u00f3n por la pronta resignaci\u00f3n de sus familiares Don Juan \u201cJona\u201d G\u00f3mez Mart\u00ednez, el Diputado Juan Javier G\u00f3mez Cazar\u00edn, dem\u00e1s familiares y amigos, descanse en paz el popular \u201cGala\u201d.<\/p>\n<p>Y nos vemos en la otra.<\/p>\n","protected":false},"excerpt":{"rendered":"<p>Aqu\u00ed en los Tuxtlas y en los Llanos\/Por V\u00edctor Calder\u00f3n Azamar. Sera este 22 de noviembre, d\u00eda del m\u00fasico, cuando arribe a la capital de los Tuxtlas, San Andr\u00e9s Tuxtla, la Candidata Presidencial, Claudia Sheinbaum Pardo, quien llegara acompa\u00f1ada a esta tur\u00edstica poblaci\u00f3n por Roc\u00edo Nhale Garc\u00eda, quienes juntas sostendr\u00e1n varias reuniones partidistas con la militancia del Partido Morena. Ante el arribo de Claudia Sheinbaum y Roc\u00edo Nhale a esta politizada demarcaci\u00f3n, existe entre los diversos sectores de la sociedad Tuxtleca, un gran inter\u00e9s por conocer la tesis de gobierno&hellip;<\/p>\n","protected":false},"author":1,"featured_media":0,"comment_status":"open","ping_status":"closed","sticky":false,"template":"","format":"standard","meta":{"footnotes":""},"categories":[3,8,6],"tags":[10172,3387],"class_list":["post-103824","post","type-post","status-publish","format-standard","hentry","category-destacadas","category-opinion","category-zona-tuxtlas","tag-claudia-sheinbaum-pardo","tag-rocio-nahle-garcia"],"jetpack-related-posts":[],"_links":{"self":[{"href":"https:\/\/www.noticiasperfil.com\/index\/wp-json\/wp\/v2\/posts\/103824","targetHints":{"allow":["GET"]}}],"collection":[{"href":"https:\/\/www.noticiasperfil.com\/index\/wp-json\/wp\/v2\/posts"}],"about":[{"href":"https:\/\/www.noticiasperfil.com\/index\/wp-json\/wp\/v2\/types\/post"}],"author":[{"embeddable":true,"href":"https:\/\/www.noticiasperfil.com\/index\/wp-json\/wp\/v2\/users\/1"}],"replies":[{"embeddable":true,"href":"https:\/\/www.noticiasperfil.com\/index\/wp-json\/wp\/v2\/comments?post=103824"}],"version-history":[{"count":1,"href":"https:\/\/www.noticiasperfil.com\/index\/wp-json\/wp\/v2\/posts\/103824\/revisions"}],"predecessor-version":[{"id":103826,"href":"https:\/\/www.noticiasperfil.com\/index\/wp-json\/wp\/v2\/posts\/103824\/revisions\/103826"}],"wp:attachment":[{"href":"https:\/\/www.noticiasperfil.com\/index\/wp-json\/wp\/v2\/media?parent=103824"}],"wp:term":[{"taxonomy":"category","embeddable":true,"href":"https:\/\/www.noticiasperfil.com\/index\/wp-json\/wp\/v2\/categories?post=103824"},{"taxonomy":"post_tag","embeddable":true,"href":"https:\/\/www.noticiasperfil.com\/index\/wp-json\/wp\/v2\/tags?post=103824"}],"curies":[{"name":"wp","href":"https:\/\/api.w.org\/{rel}","templated":true}]}}