{"id":103839,"date":"2023-11-15T13:03:08","date_gmt":"2023-11-15T19:03:08","guid":{"rendered":"https:\/\/www.noticiasperfil.com\/index\/?p=103839"},"modified":"2023-11-15T13:03:08","modified_gmt":"2023-11-15T19:03:08","slug":"presume-gobernador-disminucion-de-la-delincuencia-y-la-pobreza-en-veracruz","status":"publish","type":"post","link":"https:\/\/www.noticiasperfil.com\/index\/2023\/11\/15\/presume-gobernador-disminucion-de-la-delincuencia-y-la-pobreza-en-veracruz\/","title":{"rendered":"Presume gobernador disminuci\u00f3n de la delincuencia y la pobreza en Veracruz"},"content":{"rendered":"<p><img loading=\"lazy\" decoding=\"async\" class=\"aligncenter size-medium wp-image-103840\" src=\"https:\/\/i2.wp.com\/www.noticiasperfil.com\/index\/wp-content\/uploads\/2023\/11\/5o-informe-660x365.jpg?resize=640%2C354&#038;ssl=1\" alt=\"\" width=\"640\" height=\"354\" data-recalc-dims=\"1\" \/><\/p>\n<ul>\n<li><em><strong>Entregan al Congreso 5o. Informe de Gobierno de Cuitl\u00e1huac Garc\u00eda Jim\u00e9nez.<\/strong><\/em><\/li>\n<\/ul>\n<p>Xalapa, Ver.- A cinco a\u00f1os de gobierno de la cuarta transformaci\u00f3n, en Veracruz se ha logrado disminuir los \u00edndices delictivos y la pobreza, presumi\u00f3 la jefa de la Oficina del Programa de Gobierno, Waltraud Mart\u00ednez Olvera al hacer entrega del documento a la presidenta del congreso local, Adriana Esther Mart\u00ednez S\u00e1nchez.<\/p>\n<p>En su mensaje, precis\u00f3 que los esfuerzos diarios se encaminan a reforzar el Estado de Derecho y la gobernabilidad en Veracruz.<\/p>\n<p>La funcionaria estatal resalt\u00f3 que mediante un gobierno itinerante, de atenci\u00f3n directa se ha fortalecido el tejido social, que redundan en la justicia y la pacificaci\u00f3n de los territorios y la disminuci\u00f3n de los delitos.<\/p>\n<p>\u00abEste periodo nos ha permitido demostrar que una econom\u00eda moral es posible basada en la distribuci\u00f3n de oportunidad de acceso a actividades productivas que permitan mejorar los ingresos de las familias\u00bb.<\/p>\n<p>Mart\u00ednez Olvera, resalt\u00f3 que son vastos los logros que a cinco a\u00f1os del gobernador Cuitl\u00e1huac Garcia Jim\u00e9nez pueden referirse.<\/p>\n<p>\u00abLo que m\u00e1s debemos de celebrar es la hist\u00f3rica disminuci\u00f3n de la pobreza en m\u00e1s de 530 mil veracruzanos que hoy tienen acceso a mejores ingresos, a una alimentaci\u00f3n sana y suficiente.\u00bb<\/p>\n<p>Este pr\u00f3ximo s\u00e1bado,el gobernador Cuitl\u00e1huac Garc\u00eda Jim\u00e9nez realizar\u00e1 su quinto informe de gobierno en la Fortaleza de San Carlos, en Perote, como una medida para relanzar ese sitio hist\u00f3rico.<\/p>\n","protected":false},"excerpt":{"rendered":"<p>Entregan al Congreso 5o. Informe de Gobierno de Cuitl\u00e1huac Garc\u00eda Jim\u00e9nez. Xalapa, Ver.- A cinco a\u00f1os de gobierno de la cuarta transformaci\u00f3n, en Veracruz se ha logrado disminuir los \u00edndices delictivos y la pobreza, presumi\u00f3 la jefa de la Oficina del Programa de Gobierno, Waltraud Mart\u00ednez Olvera al hacer entrega del documento a la presidenta del congreso local, Adriana Esther Mart\u00ednez S\u00e1nchez. En su mensaje, precis\u00f3 que los esfuerzos diarios se encaminan a reforzar el Estado de Derecho y la gobernabilidad en Veracruz. La funcionaria estatal resalt\u00f3 que mediante un&hellip;<\/p>\n","protected":false},"author":1,"featured_media":0,"comment_status":"open","ping_status":"closed","sticky":false,"template":"","format":"standard","meta":{"footnotes":""},"categories":[3,4],"tags":[10326],"class_list":["post-103839","post","type-post","status-publish","format-standard","hentry","category-destacadas","category-estatal","tag-5o-informe-cuitlahuac-garcia"],"jetpack-related-posts":[],"_links":{"self":[{"href":"https:\/\/www.noticiasperfil.com\/index\/wp-json\/wp\/v2\/posts\/103839","targetHints":{"allow":["GET"]}}],"collection":[{"href":"https:\/\/www.noticiasperfil.com\/index\/wp-json\/wp\/v2\/posts"}],"about":[{"href":"https:\/\/www.noticiasperfil.com\/index\/wp-json\/wp\/v2\/types\/post"}],"author":[{"embeddable":true,"href":"https:\/\/www.noticiasperfil.com\/index\/wp-json\/wp\/v2\/users\/1"}],"replies":[{"embeddable":true,"href":"https:\/\/www.noticiasperfil.com\/index\/wp-json\/wp\/v2\/comments?post=103839"}],"version-history":[{"count":1,"href":"https:\/\/www.noticiasperfil.com\/index\/wp-json\/wp\/v2\/posts\/103839\/revisions"}],"predecessor-version":[{"id":103841,"href":"https:\/\/www.noticiasperfil.com\/index\/wp-json\/wp\/v2\/posts\/103839\/revisions\/103841"}],"wp:attachment":[{"href":"https:\/\/www.noticiasperfil.com\/index\/wp-json\/wp\/v2\/media?parent=103839"}],"wp:term":[{"taxonomy":"category","embeddable":true,"href":"https:\/\/www.noticiasperfil.com\/index\/wp-json\/wp\/v2\/categories?post=103839"},{"taxonomy":"post_tag","embeddable":true,"href":"https:\/\/www.noticiasperfil.com\/index\/wp-json\/wp\/v2\/tags?post=103839"}],"curies":[{"name":"wp","href":"https:\/\/api.w.org\/{rel}","templated":true}]}}