{"id":103848,"date":"2023-11-15T16:39:01","date_gmt":"2023-11-15T22:39:01","guid":{"rendered":"https:\/\/www.noticiasperfil.com\/index\/?p=103848"},"modified":"2023-11-15T16:39:01","modified_gmt":"2023-11-15T22:39:01","slug":"presume-cuitlahuac-veracruz-entre-los-7-estados-mas-seguros-del-pais","status":"publish","type":"post","link":"https:\/\/www.noticiasperfil.com\/index\/2023\/11\/15\/presume-cuitlahuac-veracruz-entre-los-7-estados-mas-seguros-del-pais\/","title":{"rendered":"Presume Cuitl\u00e1huac, Veracruz entre los 7 estados m\u00e1s seguros del pa\u00eds"},"content":{"rendered":"<p><img loading=\"lazy\" decoding=\"async\" class=\"aligncenter size-medium wp-image-103849\" src=\"https:\/\/i2.wp.com\/www.noticiasperfil.com\/index\/wp-content\/uploads\/2023\/11\/cuitlahuac-garcia-4-660x365.jpg?resize=640%2C354&#038;ssl=1\" alt=\"\" width=\"640\" height=\"354\" data-recalc-dims=\"1\" \/><\/p>\n<p>Xalapa, Ver.- El gobernador Cuitl\u00e1huac Garc\u00eda Jim\u00e9nez, presumi\u00f3 que Veracruz se ubica entre los 7 estados m\u00e1s seguros del pa\u00eds.<\/p>\n<p>A trav\u00e9s de sus redes sociales, escribi\u00f3 \u00abestamos entre los 7 estados m\u00e1s seguros de M\u00e9xico, gracias al trabajo coordinado con fuerzas federales y fiscal\u00edas.\u00bb<\/p>\n<p>El gobernador Cuitl\u00e1huac Garc\u00eda Jim\u00e9nez, presidi\u00f3 este mi\u00e9rcoles la Mesa Estatal de Construcci\u00f3n de la Paz, en la que de manera diaria \u00abnos reportan las acciones de protecci\u00f3n ciudadana por parte de todas las corporaciones en territorio veracruzano.\u00bb<\/p>\n<p>Asimismo, el gobernador Cuitl\u00e1huac Garc\u00eda Jim\u00e9nez, resalt\u00f3 la importancia de seguir las indicaciones de Protecci\u00f3n Civil por la temporada de fr\u00edo.<\/p>\n<p>\u00abPor su parte PC nos informa de la importancia de respetar las indicaciones de las direcciones municipales de protecci\u00f3n durante esta temporada de Frentes Fr\u00edos con el objetivo de evitar accidentes y percances.\u00bb<\/p>\n","protected":false},"excerpt":{"rendered":"<p>Xalapa, Ver.- El gobernador Cuitl\u00e1huac Garc\u00eda Jim\u00e9nez, presumi\u00f3 que Veracruz se ubica entre los 7 estados m\u00e1s seguros del pa\u00eds. A trav\u00e9s de sus redes sociales, escribi\u00f3 \u00abestamos entre los 7 estados m\u00e1s seguros de M\u00e9xico, gracias al trabajo coordinado con fuerzas federales y fiscal\u00edas.\u00bb El gobernador Cuitl\u00e1huac Garc\u00eda Jim\u00e9nez, presidi\u00f3 este mi\u00e9rcoles la Mesa Estatal de Construcci\u00f3n de la Paz, en la que de manera diaria \u00abnos reportan las acciones de protecci\u00f3n ciudadana por parte de todas las corporaciones en territorio veracruzano.\u00bb Asimismo, el gobernador Cuitl\u00e1huac Garc\u00eda Jim\u00e9nez, resalt\u00f3&hellip;<\/p>\n","protected":false},"author":1,"featured_media":0,"comment_status":"open","ping_status":"closed","sticky":false,"template":"","format":"standard","meta":{"footnotes":""},"categories":[3,4],"tags":[339],"class_list":["post-103848","post","type-post","status-publish","format-standard","hentry","category-destacadas","category-estatal","tag-cuitlahuac-garcia-jimenez"],"jetpack-related-posts":[],"_links":{"self":[{"href":"https:\/\/www.noticiasperfil.com\/index\/wp-json\/wp\/v2\/posts\/103848","targetHints":{"allow":["GET"]}}],"collection":[{"href":"https:\/\/www.noticiasperfil.com\/index\/wp-json\/wp\/v2\/posts"}],"about":[{"href":"https:\/\/www.noticiasperfil.com\/index\/wp-json\/wp\/v2\/types\/post"}],"author":[{"embeddable":true,"href":"https:\/\/www.noticiasperfil.com\/index\/wp-json\/wp\/v2\/users\/1"}],"replies":[{"embeddable":true,"href":"https:\/\/www.noticiasperfil.com\/index\/wp-json\/wp\/v2\/comments?post=103848"}],"version-history":[{"count":1,"href":"https:\/\/www.noticiasperfil.com\/index\/wp-json\/wp\/v2\/posts\/103848\/revisions"}],"predecessor-version":[{"id":103850,"href":"https:\/\/www.noticiasperfil.com\/index\/wp-json\/wp\/v2\/posts\/103848\/revisions\/103850"}],"wp:attachment":[{"href":"https:\/\/www.noticiasperfil.com\/index\/wp-json\/wp\/v2\/media?parent=103848"}],"wp:term":[{"taxonomy":"category","embeddable":true,"href":"https:\/\/www.noticiasperfil.com\/index\/wp-json\/wp\/v2\/categories?post=103848"},{"taxonomy":"post_tag","embeddable":true,"href":"https:\/\/www.noticiasperfil.com\/index\/wp-json\/wp\/v2\/tags?post=103848"}],"curies":[{"name":"wp","href":"https:\/\/api.w.org\/{rel}","templated":true}]}}